{"id":737,"date":"2018-11-04T11:47:16","date_gmt":"2018-11-04T10:47:16","guid":{"rendered":"http:\/\/www.fotoandnet.de\/wp\/?p=737"},"modified":"2018-11-04T12:20:47","modified_gmt":"2018-11-04T11:20:47","slug":"kita-verkehrsschule","status":"publish","type":"post","link":"http:\/\/www.fotoandnet.de\/wp\/?p=737","title":{"rendered":"Kita Verkehrsschule"},"content":{"rendered":"<p>Mein Zwerg macht gerade in der Kita eine Verkehrsschule und wollte Stra\u00dfenschilder haben. Wir haben uns vor Wikipedia gesetzt und die vom Zwerg gew\u00fcnschten Verkehrsschilder raus gesucht. Es ist verbl\u00fcffend, wieviele Verkehrszeichen es gibt!<\/p>\n<p>Jedenfalls habe ich die Schilder auf A4 Papier ausgedruckt und ein passendes St\u00fcck 6mm Birkemultiplex aus der Restekiste gesucht. <a href=\"http:\/\/www.fotoandnet.de\/wp\/wp-content\/uploads\/2018\/11\/20181103_153944.jpg\"><img loading=\"lazy\" decoding=\"async\" class=\"alignnone size-thumbnail wp-image-739\" src=\"http:\/\/www.fotoandnet.de\/wp\/wp-content\/uploads\/2018\/11\/20181103_153944-150x150.jpg\" alt=\"\" width=\"150\" height=\"150\" \/><\/a><\/p>\n<p>Die A4 Ausdrucke hab ich mit Spr\u00fchkleber auf dem Multiplex verklebt. <a href=\"http:\/\/www.fotoandnet.de\/wp\/wp-content\/uploads\/2018\/11\/20181103_154424.jpg\"><img loading=\"lazy\" decoding=\"async\" class=\"alignnone size-thumbnail wp-image-740\" src=\"http:\/\/www.fotoandnet.de\/wp\/wp-content\/uploads\/2018\/11\/20181103_154424-150x150.jpg\" alt=\"\" width=\"150\" height=\"150\" \/><\/a> Wenn ihr das nach macht, kann ich euch nur Empfehlen das drau\u00dfen zu machen oder einen passenden Atemschutz zu tragen. Ich selber benutze f\u00fcr sowas seit Jahren eine <a href=\"https:\/\/www.arbeitsschutzonline.eu\/Halbmaske-Advantage-200-LS\">Halbmaske von MSA<\/a> mit einem entsprechenden <a href=\"https:\/\/www.arbeitsschutzonline.eu\/epages\/61493867.sf\/de_DE\/?ObjectPath=\/Shops\/61493867\/Products\/430374\">Filter A2B2E1K1-P3<\/a>. Da riecht und stinkt nix durch..<\/p>\n<p>An der Dekupiers\u00e4ge ging es dann an das Auss\u00e4gen der Schilder. <a href=\"http:\/\/www.fotoandnet.de\/wp\/wp-content\/uploads\/2018\/11\/20181103_164513_HDR.jpg\"><img loading=\"lazy\" decoding=\"async\" class=\"alignnone size-thumbnail wp-image-742\" src=\"http:\/\/www.fotoandnet.de\/wp\/wp-content\/uploads\/2018\/11\/20181103_164513_HDR-150x150.jpg\" alt=\"\" width=\"150\" height=\"150\" \/><\/a> Was bei den eckigen Schildern recht reibungslos geht, aber die runden Schilder verlangen schon einiges an Fingerfertigkeit ab. Die rohen Schilder sind f\u00fcr die zarten Kinderfinger noch zu scharfkantig und bed\u00fcrften dann einem ordentlichen Kantenfeinschliff.\u00a0<a href=\"http:\/\/www.fotoandnet.de\/wp\/wp-content\/uploads\/2018\/11\/20181103_164501.jpg\"><img loading=\"lazy\" decoding=\"async\" class=\"alignnone size-thumbnail wp-image-741\" src=\"http:\/\/www.fotoandnet.de\/wp\/wp-content\/uploads\/2018\/11\/20181103_164501-150x150.jpg\" alt=\"\" width=\"150\" height=\"150\" \/><\/a><\/p>\n<p>Der Zwerg war dann am Ende zufrieden mit dem Resultat <a href=\"http:\/\/www.fotoandnet.de\/wp\/wp-content\/uploads\/2018\/11\/20181103_174723.jpg\"><img loading=\"lazy\" decoding=\"async\" class=\"alignnone size-thumbnail wp-image-743\" src=\"http:\/\/www.fotoandnet.de\/wp\/wp-content\/uploads\/2018\/11\/20181103_174723-150x150.jpg\" alt=\"\" width=\"150\" height=\"150\" \/><\/a> und fing auch gleich damit an zu spielen. \ud83d\ude09 <a href=\"http:\/\/www.fotoandnet.de\/wp\/wp-content\/uploads\/2018\/11\/20181103_185925.jpg\"><img loading=\"lazy\" decoding=\"async\" class=\"alignnone size-medium wp-image-744\" src=\"http:\/\/www.fotoandnet.de\/wp\/wp-content\/uploads\/2018\/11\/20181103_185925-300x225.jpg\" alt=\"\" width=\"300\" height=\"225\" srcset=\"http:\/\/www.fotoandnet.de\/wp\/wp-content\/uploads\/2018\/11\/20181103_185925-300x225.jpg 300w, http:\/\/www.fotoandnet.de\/wp\/wp-content\/uploads\/2018\/11\/20181103_185925-768x576.jpg 768w, http:\/\/www.fotoandnet.de\/wp\/wp-content\/uploads\/2018\/11\/20181103_185925-1024x768.jpg 1024w\" sizes=\"auto, (max-width: 300px) 100vw, 300px\" \/><\/a><\/p>\n","protected":false},"excerpt":{"rendered":"<p>Mein Zwerg macht gerade in der Kita eine Verkehrsschule und wollte Stra\u00dfenschilder haben. Wir haben uns vor Wikipedia gesetzt und die vom Zwerg gew\u00fcnschten Verkehrsschilder raus gesucht. Es ist verbl\u00fcffend, wieviele Verkehrszeichen es gibt!&#46;&#46;&#46;<\/p>\n","protected":false},"author":2,"featured_media":743,"comment_status":"open","ping_status":"open","sticky":false,"template":"","format":"standard","meta":{"footnotes":""},"categories":[12],"tags":[29,28,33],"class_list":["post-737","post","type-post","status-publish","format-standard","has-post-thumbnail","hentry","category-heimwerken","tag-birkemultiplex","tag-dekupiersaege","tag-kita-verkehrsschule"],"_links":{"self":[{"href":"http:\/\/www.fotoandnet.de\/wp\/index.php?rest_route=\/wp\/v2\/posts\/737","targetHints":{"allow":["GET"]}}],"collection":[{"href":"http:\/\/www.fotoandnet.de\/wp\/index.php?rest_route=\/wp\/v2\/posts"}],"about":[{"href":"http:\/\/www.fotoandnet.de\/wp\/index.php?rest_route=\/wp\/v2\/types\/post"}],"author":[{"embeddable":true,"href":"http:\/\/www.fotoandnet.de\/wp\/index.php?rest_route=\/wp\/v2\/users\/2"}],"replies":[{"embeddable":true,"href":"http:\/\/www.fotoandnet.de\/wp\/index.php?rest_route=%2Fwp%2Fv2%2Fcomments&post=737"}],"version-history":[{"count":5,"href":"http:\/\/www.fotoandnet.de\/wp\/index.php?rest_route=\/wp\/v2\/posts\/737\/revisions"}],"predecessor-version":[{"id":753,"href":"http:\/\/www.fotoandnet.de\/wp\/index.php?rest_route=\/wp\/v2\/posts\/737\/revisions\/753"}],"wp:featuredmedia":[{"embeddable":true,"href":"http:\/\/www.fotoandnet.de\/wp\/index.php?rest_route=\/wp\/v2\/media\/743"}],"wp:attachment":[{"href":"http:\/\/www.fotoandnet.de\/wp\/index.php?rest_route=%2Fwp%2Fv2%2Fmedia&parent=737"}],"wp:term":[{"taxonomy":"category","embeddable":true,"href":"http:\/\/www.fotoandnet.de\/wp\/index.php?rest_route=%2Fwp%2Fv2%2Fcategories&post=737"},{"taxonomy":"post_tag","embeddable":true,"href":"http:\/\/www.fotoandnet.de\/wp\/index.php?rest_route=%2Fwp%2Fv2%2Ftags&post=737"}],"curies":[{"name":"wp","href":"https:\/\/api.w.org\/{rel}","templated":true}]}}