{"id":637,"date":"2018-11-04T11:39:19","date_gmt":"2018-11-04T10:39:19","guid":{"rendered":"http:\/\/www.fotoandnet.de\/wp\/?p=637"},"modified":"2022-05-07T16:26:21","modified_gmt":"2022-05-07T15:26:21","slug":"viktorianisches-vogelhaeuschen","status":"publish","type":"post","link":"http:\/\/www.fotoandnet.de\/wp\/?p=637","title":{"rendered":"Viktorianisches Vogelh\u00e4uschen"},"content":{"rendered":"<p>Es ist ja nicht das erstemal, das ich ein Vogelh\u00e4uschen baue. Dieses mal sollte es aber etwas besonderes werden. Mein Anspruch an die Optik ist durch die Projekte ja auch gestiegen. Wie immer habe ich mich auf Pinterest nach Inspirationen umgesehen, aber der Trend ging mir da zu stark in Richtung kanadischer Blockh\u00fctte. Beim Googeln bin ich dann \u00fcber folgendes Vogelh\u00e4uschen gestolpert:<\/p>\n<blockquote class=\"wp-embedded-content\" data-secret=\"fbCgB57zTb\"><p><a href=\"https:\/\/scrollsawer.com\/2011\/05\/04\/victorian-birdfeeder\/\">Victorian Birdfeeder<\/a><\/p><\/blockquote>\n<p><iframe loading=\"lazy\" class=\"wp-embedded-content\" sandbox=\"allow-scripts\" security=\"restricted\" style=\"position: absolute; clip: rect(1px, 1px, 1px, 1px);\" title=\"&#8220;Victorian Birdfeeder&#8221; &#8212; Scroll Saw Woodworking &amp; Crafts\" src=\"https:\/\/scrollsawer.com\/2011\/05\/04\/victorian-birdfeeder\/embed\/#?secret=fbCgB57zTb\" data-secret=\"fbCgB57zTb\" width=\"500\" height=\"282\" frameborder=\"0\" marginwidth=\"0\" marginheight=\"0\" scrolling=\"no\"><\/iframe><\/p>\n<p>Das hat genau meinen Anspruch und Geschmack getroffen!<\/p>\n<p>Ich m\u00f6chte mich an dieser Stelle ganz herzlich beim Magazin <a href=\"https:\/\/scrollsawer.com\/\">Scroll Saw Woodworking &amp; Crafts<\/a> bedanken, welches diese die Pl\u00e4ne kostenlos zur Verf\u00fcgung gestellt haben unter folgender URL: <a href=\"http:\/\/scrollsawer.com\/wp-content\/uploads\/sites\/2\/\/2014\/09\/SSW15-Birdfeeder-Plans.pdf\">http:\/\/scrollsawer.com\/wp-content\/uploads\/sites\/2\/\/2014\/09\/SSW15-Birdfeeder-Plans.pdf<\/a><\/p>\n<p>Los ging es mit dem Ausdrucken der Pl\u00e4ne und dem Umrechnen von den imperial Ma\u00dfen in das metrische System und dem besorgen der passenden Birkenmultiplexplatten. <a href=\"http:\/\/www.fotoandnet.de\/wp\/wp-content\/uploads\/2018\/11\/20181013_104120-e1541322812381.jpg\"><img loading=\"lazy\" decoding=\"async\" class=\"alignnone size-thumbnail wp-image-674\" src=\"http:\/\/www.fotoandnet.de\/wp\/wp-content\/uploads\/2018\/11\/20181013_104120-e1541322812381-150x150.jpg\" alt=\"\" width=\"150\" height=\"150\"><\/a><\/p>\n<p>Die Multiplexware hab ich dann auf das passende Ma\u00df zuges\u00e4gt <a href=\"http:\/\/www.fotoandnet.de\/wp\/wp-content\/uploads\/2018\/11\/20181013_110115.jpg\"><img loading=\"lazy\" decoding=\"async\" class=\"alignnone size-thumbnail wp-image-675\" src=\"http:\/\/www.fotoandnet.de\/wp\/wp-content\/uploads\/2018\/11\/20181013_110115-150x150.jpg\" alt=\"\" width=\"150\" height=\"150\"><\/a> und die Pl\u00e4ne kurzer Hand mit Holzleim auf das Brett geklebt. <a href=\"http:\/\/www.fotoandnet.de\/wp\/wp-content\/uploads\/2018\/11\/20181013_111239-e1541322828483.jpg\"><img loading=\"lazy\" decoding=\"async\" class=\"alignnone size-thumbnail wp-image-676\" src=\"http:\/\/www.fotoandnet.de\/wp\/wp-content\/uploads\/2018\/11\/20181013_111239-e1541322828483-150x150.jpg\" alt=\"\" width=\"150\" height=\"150\"><\/a> <a href=\"http:\/\/www.fotoandnet.de\/wp\/wp-content\/uploads\/2018\/11\/20181013_112001.jpg\"><img loading=\"lazy\" decoding=\"async\" class=\"alignnone size-thumbnail wp-image-677\" src=\"http:\/\/www.fotoandnet.de\/wp\/wp-content\/uploads\/2018\/11\/20181013_112001-150x150.jpg\" alt=\"\" width=\"150\" height=\"150\"><\/a>.<\/p>\n<p>Um ein Gef\u00fchl f\u00fcr die zuk\u00fcnftige Gr\u00f6\u00dfe des Vogelh\u00e4uschens zu bekommen, habe ich das Dach auch ausgedruckt und einmal exemplarisch hingelegt. <a href=\"http:\/\/www.fotoandnet.de\/wp\/wp-content\/uploads\/2018\/11\/20181013_112705-e1541322844228.jpg\"><img loading=\"lazy\" decoding=\"async\" class=\"alignnone size-thumbnail wp-image-678\" src=\"http:\/\/www.fotoandnet.de\/wp\/wp-content\/uploads\/2018\/11\/20181013_112705-e1541322844228-150x150.jpg\" alt=\"\" width=\"150\" height=\"150\"><\/a> Schon ein recht stattliches Vogelh\u00e4uschen.<\/p>\n<p>Die Bretter habe ich dann \u00fcbereinander gestapelt und mit einem Elektrotacker zusammen genagelt. Mir wurde sofort klar, warum in den ganzen Youtube Videos von &#8222;Nageln macht s\u00fcchtig&#8220; die rede ist. Vorsicht, wenn ihr euch so ein Ger\u00e4t holt.. mehr sag ich nicht..<a href=\"http:\/\/www.fotoandnet.de\/wp\/wp-content\/uploads\/2018\/11\/20181013_113602-e1541325043898.jpg\"><img loading=\"lazy\" decoding=\"async\" class=\"alignnone size-thumbnail wp-image-679\" src=\"http:\/\/www.fotoandnet.de\/wp\/wp-content\/uploads\/2018\/11\/20181013_113602-e1541325043898-150x150.jpg\" alt=\"\" width=\"150\" height=\"150\"><\/a><\/p>\n<p>Anschlie\u00dfend hab ich die L\u00f6cher zum Durchf\u00e4deln des Dekupiers\u00e4geblattes gebohrt. Ich selber bin ein Fan von <a href=\"https:\/\/drechslershop.de\/maschinen-holzbearbeitung\/saegen\/dekupiersaegen\/dekupiersaegeblaetter\/12-stck-dekupiersaegeblatt-zarsa-80.html\">Multizahn S\u00e4gebl\u00e4ttern<\/a> (auch wenn es eigentlich nur ein Draht ist), die sich leicht einf\u00e4deln, aber schwer an der Dekupiers\u00e4ge befestigen lassen.<\/p>\n<p>So hab ich dann Stunde um Stunde an meiner <a href=\"https:\/\/www.scheppach.com\/Produktdetails\/Dekupiersaege-DECO-FLEX-scheppach----230V-50Hz-90W.aspx\">Scheppach Deco-Flex<\/a> ges\u00e4gt <a href=\"http:\/\/www.fotoandnet.de\/wp\/wp-content\/uploads\/2018\/11\/20181013_114625-e1541322861799.jpg\"><img loading=\"lazy\" decoding=\"async\" class=\"alignnone size-thumbnail wp-image-681\" src=\"http:\/\/www.fotoandnet.de\/wp\/wp-content\/uploads\/2018\/11\/20181013_114625-e1541322861799-150x150.jpg\" alt=\"\" width=\"150\" height=\"150\"><\/a> <a href=\"http:\/\/www.fotoandnet.de\/wp\/wp-content\/uploads\/2018\/11\/20181013_171503.jpg\"><img loading=\"lazy\" decoding=\"async\" class=\"alignnone size-thumbnail wp-image-682\" src=\"http:\/\/www.fotoandnet.de\/wp\/wp-content\/uploads\/2018\/11\/20181013_171503-150x150.jpg\" alt=\"\" width=\"150\" height=\"150\"><\/a> <a href=\"http:\/\/www.fotoandnet.de\/wp\/wp-content\/uploads\/2018\/11\/20181013_174201.jpg\"><img loading=\"lazy\" decoding=\"async\" class=\"alignnone size-thumbnail wp-image-683\" src=\"http:\/\/www.fotoandnet.de\/wp\/wp-content\/uploads\/2018\/11\/20181013_174201-150x150.jpg\" alt=\"\" width=\"150\" height=\"150\"><\/a> <a href=\"http:\/\/www.fotoandnet.de\/wp\/wp-content\/uploads\/2018\/11\/20181013_185207.jpg\"><img loading=\"lazy\" decoding=\"async\" class=\"alignnone size-thumbnail wp-image-684\" src=\"http:\/\/www.fotoandnet.de\/wp\/wp-content\/uploads\/2018\/11\/20181013_185207-150x150.jpg\" alt=\"\" width=\"150\" height=\"150\"><\/a>, wobei ich bei Gelegenheit den <a href=\"https:\/\/www.youtube.com\/watch?v=JQMYksxAbfI\">Umbau von Troppy<\/a> auch Ausf\u00fchren werden. Ich w\u00fcrde jedem, der sich ein Dekupiers\u00e4ge zulegen m\u00f6chte empfehlen diese auf ein Brett zu montieren und zwischen diesem Brett und Werkbank eine Waschmaschinen-Antirutschmatte zu legen. Die Dekupiers\u00e4gen neigen durch die starke Vibration zum Wandern auf der Arbeitsfl\u00e4che. \ud83d\ude09<\/p>\n<p>Nach dem Auss\u00e4gen sahen die Resultate doch ganz h\u00fcbsch aus, wobei nat\u00fcrlich die Kanten noch geschliffen werden mu\u00dften um Ausfransungen und Abplatzer zu bereinigen. <a href=\"http:\/\/www.fotoandnet.de\/wp\/wp-content\/uploads\/2018\/11\/20181013_185747.jpg\"><img loading=\"lazy\" decoding=\"async\" class=\"alignnone size-thumbnail wp-image-685\" src=\"http:\/\/www.fotoandnet.de\/wp\/wp-content\/uploads\/2018\/11\/20181013_185747-150x150.jpg\" alt=\"\" width=\"150\" height=\"150\"><\/a> <a href=\"http:\/\/www.fotoandnet.de\/wp\/wp-content\/uploads\/2018\/11\/20181014_093223.jpg\"><img loading=\"lazy\" decoding=\"async\" class=\"alignnone size-thumbnail wp-image-686\" src=\"http:\/\/www.fotoandnet.de\/wp\/wp-content\/uploads\/2018\/11\/20181014_093223-150x150.jpg\" alt=\"\" width=\"150\" height=\"150\"><\/a> <a href=\"http:\/\/www.fotoandnet.de\/wp\/wp-content\/uploads\/2018\/11\/20181014_101520.jpg\"><img loading=\"lazy\" decoding=\"async\" class=\"alignnone size-thumbnail wp-image-687\" src=\"http:\/\/www.fotoandnet.de\/wp\/wp-content\/uploads\/2018\/11\/20181014_101520-150x150.jpg\" alt=\"\" width=\"150\" height=\"150\"><\/a> <a href=\"http:\/\/www.fotoandnet.de\/wp\/wp-content\/uploads\/2018\/11\/20181014_104141.jpg\"><img loading=\"lazy\" decoding=\"async\" class=\"alignnone size-thumbnail wp-image-688\" src=\"http:\/\/www.fotoandnet.de\/wp\/wp-content\/uploads\/2018\/11\/20181014_104141-150x150.jpg\" alt=\"\" width=\"150\" height=\"150\"><\/a><\/p>\n<p>Ich pers\u00f6nlich bin sehr zufrieden mit der Deco-Flex und w\u00fcrde sie mir erneut kaufen.. ganz im Gegensatz zur PTS10.<\/p>\n<p>Auf der PTS10 habe ich dann die Gehrungen von 45\u00b0 an den Kanten ges\u00e4gt. Das geht bei der PTS10 zwar mit der auf dem Geh\u00e4use aufgebrachten Skala, aber das Ergebnis ist dann Erfahrungsgem\u00e4\u00df so ungenau, dass ich immer zur Bevelbox von ELV greife, dann stimmen die Schnitte auch auf der PTS10.&nbsp; <a href=\"http:\/\/www.fotoandnet.de\/wp\/wp-content\/uploads\/2018\/11\/20181014_105421.jpg\"><img loading=\"lazy\" decoding=\"async\" class=\"alignnone size-thumbnail wp-image-689\" src=\"http:\/\/www.fotoandnet.de\/wp\/wp-content\/uploads\/2018\/11\/20181014_105421-150x150.jpg\" alt=\"\" width=\"150\" height=\"150\"><\/a> <a href=\"http:\/\/www.fotoandnet.de\/wp\/wp-content\/uploads\/2018\/11\/20181014_105600.jpg\"><img loading=\"lazy\" decoding=\"async\" class=\"alignnone size-thumbnail wp-image-690\" src=\"http:\/\/www.fotoandnet.de\/wp\/wp-content\/uploads\/2018\/11\/20181014_105600-150x150.jpg\" alt=\"\" width=\"150\" height=\"150\"><\/a> <a href=\"http:\/\/www.fotoandnet.de\/wp\/wp-content\/uploads\/2018\/11\/20181014_110241-e1541322879328.jpg\"><img loading=\"lazy\" decoding=\"async\" class=\"alignnone size-thumbnail wp-image-691\" src=\"http:\/\/www.fotoandnet.de\/wp\/wp-content\/uploads\/2018\/11\/20181014_110241-e1541322879328-150x150.jpg\" alt=\"\" width=\"150\" height=\"150\"><\/a><\/p>\n<p>Die Bretter habe ich dann nach dem <a href=\"https:\/\/www.youtube.com\/watch?v=oOaWQLl0nEc\">Truppe Verfahren<\/a> zusammen geleimt. <a href=\"http:\/\/www.fotoandnet.de\/wp\/wp-content\/uploads\/2018\/11\/20181014_113502_HDR.jpg\"><img loading=\"lazy\" decoding=\"async\" class=\"alignnone size-thumbnail wp-image-693\" src=\"http:\/\/www.fotoandnet.de\/wp\/wp-content\/uploads\/2018\/11\/20181014_113502_HDR-150x150.jpg\" alt=\"\" width=\"150\" height=\"150\"><\/a> <a href=\"http:\/\/www.fotoandnet.de\/wp\/wp-content\/uploads\/2018\/11\/20181014_113907-e1541322895500.jpg\"><img loading=\"lazy\" decoding=\"async\" class=\"alignnone size-thumbnail wp-image-694\" src=\"http:\/\/www.fotoandnet.de\/wp\/wp-content\/uploads\/2018\/11\/20181014_113907-e1541322895500-150x150.jpg\" alt=\"\" width=\"150\" height=\"150\"><\/a> <a href=\"http:\/\/www.fotoandnet.de\/wp\/wp-content\/uploads\/2018\/11\/20181014_115134.jpg\"><img loading=\"lazy\" decoding=\"async\" class=\"alignnone size-thumbnail wp-image-695\" src=\"http:\/\/www.fotoandnet.de\/wp\/wp-content\/uploads\/2018\/11\/20181014_115134-150x150.jpg\" alt=\"\" width=\"150\" height=\"150\"><\/a> <a href=\"http:\/\/www.fotoandnet.de\/wp\/wp-content\/uploads\/2018\/11\/20181014_115143-e1541322911888.jpg\"><img loading=\"lazy\" decoding=\"async\" class=\"alignnone size-thumbnail wp-image-696\" src=\"http:\/\/www.fotoandnet.de\/wp\/wp-content\/uploads\/2018\/11\/20181014_115143-e1541322911888-150x150.jpg\" alt=\"\" width=\"150\" height=\"150\"><\/a> Das Ergebniss ist ein absolut rechtwinkliger K\u00f6rper, der sich sehen lassen kann.<\/p>\n<p>Das Dach habe ich dann nach den Pl\u00e4nen gefertigt und verleimt. <a href=\"http:\/\/www.fotoandnet.de\/wp\/wp-content\/uploads\/2018\/11\/20181030_155611.jpg\"><img loading=\"lazy\" decoding=\"async\" class=\"alignnone size-thumbnail wp-image-697\" src=\"http:\/\/www.fotoandnet.de\/wp\/wp-content\/uploads\/2018\/11\/20181030_155611-150x150.jpg\" alt=\"\" width=\"150\" height=\"150\"><\/a> <a href=\"http:\/\/www.fotoandnet.de\/wp\/wp-content\/uploads\/2018\/11\/20181030_155631.jpg\"><img loading=\"lazy\" decoding=\"async\" class=\"alignnone size-thumbnail wp-image-698\" src=\"http:\/\/www.fotoandnet.de\/wp\/wp-content\/uploads\/2018\/11\/20181030_155631-150x150.jpg\" alt=\"\" width=\"150\" height=\"150\"><\/a> <a href=\"http:\/\/www.fotoandnet.de\/wp\/wp-content\/uploads\/2018\/11\/20181030_160416.jpg\"><img loading=\"lazy\" decoding=\"async\" class=\"alignnone size-thumbnail wp-image-699\" src=\"http:\/\/www.fotoandnet.de\/wp\/wp-content\/uploads\/2018\/11\/20181030_160416-150x150.jpg\" alt=\"\" width=\"150\" height=\"150\"><\/a> <a href=\"http:\/\/www.fotoandnet.de\/wp\/wp-content\/uploads\/2018\/11\/20181030_172116.jpg\"><img loading=\"lazy\" decoding=\"async\" class=\"alignnone size-thumbnail wp-image-700\" src=\"http:\/\/www.fotoandnet.de\/wp\/wp-content\/uploads\/2018\/11\/20181030_172116-150x150.jpg\" alt=\"\" width=\"150\" height=\"150\"><\/a> Als Hilfe habe ich beim Dach auch zum Elektrotacker gegriffen, denn das Einspannen dieser ganzen Schr\u00e4gen mit Schraubzwingen ist mir einfach nicht gelungen. Durch das Tackern&nbsp;konnte der Leim trocknen und die Bretter wurden in der richtige Lage gehalten.<\/p>\n<p>Die K\u00f6rper habe ich dann mal zusammengestellt und geguckt, wie gro\u00df die Zwischplatte zwischen Dekofries und oberen H\u00e4uschen sein soll.<a href=\"http:\/\/www.fotoandnet.de\/wp\/wp-content\/uploads\/2018\/11\/20181030_172148.jpg\"><img loading=\"lazy\" decoding=\"async\" class=\"alignnone size-thumbnail wp-image-701\" src=\"http:\/\/www.fotoandnet.de\/wp\/wp-content\/uploads\/2018\/11\/20181030_172148-150x150.jpg\" alt=\"\" width=\"150\" height=\"150\"><\/a> Die Zwischenplatte hab ich dann aus 8mm Siebdruckplatte ges\u00e4gt. In die K\u00f6rper habe ich noch einen Rahmen aus 12mm Dachlatten innen zum sp\u00e4teren verschrauben auf der Zwischenplatte befestigt, denn auf Siebdruckplatten ist es halt schlecht mit Verleimen. Da h\u00e4lt kein Leim drauf! <a href=\"http:\/\/www.fotoandnet.de\/wp\/wp-content\/uploads\/2018\/11\/20181031_165607.jpg\"><img loading=\"lazy\" decoding=\"async\" class=\"alignnone size-thumbnail wp-image-702\" src=\"http:\/\/www.fotoandnet.de\/wp\/wp-content\/uploads\/2018\/11\/20181031_165607-150x150.jpg\" alt=\"\" width=\"150\" height=\"150\"><\/a> <a href=\"http:\/\/www.fotoandnet.de\/wp\/wp-content\/uploads\/2018\/11\/20181031_165614.jpg\"><img loading=\"lazy\" decoding=\"async\" class=\"alignnone size-thumbnail wp-image-703\" src=\"http:\/\/www.fotoandnet.de\/wp\/wp-content\/uploads\/2018\/11\/20181031_165614-150x150.jpg\" alt=\"\" width=\"150\" height=\"150\"><\/a> Oben auf dem Dach habe ich das sich ergebende Loch auch mit einer kleinen viereckigen Platte verschlossen, jedoch nicht mir einer Aufh\u00e4ngung wie in den orginal Pl\u00e4nen versehen. Unser Vogelh\u00e4uschen soll auf ein Gestell kommen, da wir im Garten keine M\u00f6glichkeit zur Aufh\u00e4ngung haben. <a href=\"http:\/\/www.fotoandnet.de\/wp\/wp-content\/uploads\/2018\/11\/20181031_165622.jpg\"><img loading=\"lazy\" decoding=\"async\" class=\"alignnone size-thumbnail wp-image-704\" src=\"http:\/\/www.fotoandnet.de\/wp\/wp-content\/uploads\/2018\/11\/20181031_165622-150x150.jpg\" alt=\"\" width=\"150\" height=\"150\"><\/a><\/p>\n<p>Zusammen gestellt, machte das Vogelh\u00e4uschen schon unlackiert was her! <a href=\"http:\/\/www.fotoandnet.de\/wp\/wp-content\/uploads\/2018\/11\/20181031_165711-e1541322933876.jpg\"><img loading=\"lazy\" decoding=\"async\" class=\"alignnone size-thumbnail wp-image-705\" src=\"http:\/\/www.fotoandnet.de\/wp\/wp-content\/uploads\/2018\/11\/20181031_165711-e1541322933876-150x150.jpg\" alt=\"\" width=\"150\" height=\"150\"><\/a><\/p>\n<p>Ich selber mag die nat\u00fcrliche Farbe von Birkemultiplex sehr gerne, was mich dazu brachte nach einem Schutzlack in der passende Farbe zu suchen und im Baumarkt meines Vertrauens wurde ich dann, mit Elfenbein Autolack aus der Spr\u00fchdose, f\u00fcndig. Die Teile habe ich dann an Angelleineen im Garten an die Kinderschaukel geh\u00e4ngt und lackiert. Zum Trocknen habe ich sie dann 24h in den Heizungskeller gehangen.&nbsp; <a href=\"http:\/\/www.fotoandnet.de\/wp\/wp-content\/uploads\/2018\/11\/20181101_145850.jpg\"><img loading=\"lazy\" decoding=\"async\" class=\"alignnone size-thumbnail wp-image-706\" src=\"http:\/\/www.fotoandnet.de\/wp\/wp-content\/uploads\/2018\/11\/20181101_145850-150x150.jpg\" alt=\"\" width=\"150\" height=\"150\"><\/a> <a href=\"http:\/\/www.fotoandnet.de\/wp\/wp-content\/uploads\/2018\/11\/20181101_145855.jpg\"><img loading=\"lazy\" decoding=\"async\" class=\"alignnone size-thumbnail wp-image-707\" src=\"http:\/\/www.fotoandnet.de\/wp\/wp-content\/uploads\/2018\/11\/20181101_145855-150x150.jpg\" alt=\"\" width=\"150\" height=\"150\"><\/a> <a href=\"http:\/\/www.fotoandnet.de\/wp\/wp-content\/uploads\/2018\/11\/20181101_145903.jpg\"><img loading=\"lazy\" decoding=\"async\" class=\"alignnone size-thumbnail wp-image-708\" src=\"http:\/\/www.fotoandnet.de\/wp\/wp-content\/uploads\/2018\/11\/20181101_145903-150x150.jpg\" alt=\"\" width=\"150\" height=\"150\"><\/a><\/p>\n<p>Der n\u00e4chste Schritt war dann die Anfertigung des Untergestells aus witterungsbest\u00e4ndigem Douglasienholz, was ich von <a href=\"http:\/\/www.fotoandnet.de\/wp\/?p=606\">der Anfertigung unserer Gartenbank<\/a> noch \u00fcbrig hatte. <a href=\"http:\/\/www.fotoandnet.de\/wp\/wp-content\/uploads\/2018\/11\/20181101_150610-e1541327326121.jpg\"><img loading=\"lazy\" decoding=\"async\" class=\"alignnone size-thumbnail wp-image-709\" src=\"http:\/\/www.fotoandnet.de\/wp\/wp-content\/uploads\/2018\/11\/20181101_150610-e1541327326121-150x150.jpg\" alt=\"\" width=\"150\" height=\"150\"><\/a><\/p>\n<p>Der Fu\u00df sollte in Form eines X mit einer Gr\u00f6\u00dfe von 1m x 1m sein, was ich Mitting mit einer halbierten Fuge bewerkstelligte. <a href=\"http:\/\/www.fotoandnet.de\/wp\/wp-content\/uploads\/2018\/11\/20181101_153139.jpg\"><img loading=\"lazy\" decoding=\"async\" class=\"alignnone size-thumbnail wp-image-710\" src=\"http:\/\/www.fotoandnet.de\/wp\/wp-content\/uploads\/2018\/11\/20181101_153139-150x150.jpg\" alt=\"\" width=\"150\" height=\"150\"><\/a> <a href=\"http:\/\/www.fotoandnet.de\/wp\/wp-content\/uploads\/2018\/11\/20181101_153154.jpg\"><img loading=\"lazy\" decoding=\"async\" class=\"alignnone size-thumbnail wp-image-711\" src=\"http:\/\/www.fotoandnet.de\/wp\/wp-content\/uploads\/2018\/11\/20181101_153154-150x150.jpg\" alt=\"\" width=\"150\" height=\"150\"><\/a>Stellenweise bin ich von meinem hinzugewonnen Handwerksk\u00f6nnen selber ganz \u00fcberrascht, vor allem wenn es auf Anhieb pa\u00dft. :o)<\/p>\n<p>Ich hab dann mal den Stellpfosten unbefestigt draufgestellt und die H\u00f6he von 1,2m ermittelt f\u00fcr das Vogelh\u00e4uschen. Da sollten die Pipser vor herum streunenden Katzen eigentlich sicher sein. <a href=\"http:\/\/www.fotoandnet.de\/wp\/wp-content\/uploads\/2018\/11\/20181101_160245-e1541322963195.jpg\"><img loading=\"lazy\" decoding=\"async\" class=\"alignnone size-thumbnail wp-image-712\" src=\"http:\/\/www.fotoandnet.de\/wp\/wp-content\/uploads\/2018\/11\/20181101_160245-e1541322963195-150x150.jpg\" alt=\"\" width=\"150\" height=\"150\"><\/a> Da der Stellpfosten eine Versteifung zur Seite hin ben\u00f6tigt, welche zur Befestigung eigentlich eines Handwerkers von der Art eines Octopus bedarfs, habe ich mir mit viel Malerkrepp geholfen. <a href=\"http:\/\/www.fotoandnet.de\/wp\/wp-content\/uploads\/2018\/11\/20181101_161903.jpg\"><img loading=\"lazy\" decoding=\"async\" class=\"alignnone size-thumbnail wp-image-713\" src=\"http:\/\/www.fotoandnet.de\/wp\/wp-content\/uploads\/2018\/11\/20181101_161903-150x150.jpg\" alt=\"\" width=\"150\" height=\"150\"><\/a><\/p>\n<p>Nach dem verschrauben der Aussteifungen zwischen Stellpfosten und Fu\u00df, war mein sehr sehr sehr robustes Untergestell fertig. Das wirft so schnell nix um! <a href=\"http:\/\/www.fotoandnet.de\/wp\/wp-content\/uploads\/2018\/11\/20181101_163054.jpg\"><img loading=\"lazy\" decoding=\"async\" class=\"alignnone size-thumbnail wp-image-714\" src=\"http:\/\/www.fotoandnet.de\/wp\/wp-content\/uploads\/2018\/11\/20181101_163054-150x150.jpg\" alt=\"\" width=\"150\" height=\"150\"><\/a><\/p>\n<p>Als letztes kam dann die Endmontage aller Teile zu einem Ganzen und das Verschrauben auf dem Untergestell. <a href=\"http:\/\/www.fotoandnet.de\/wp\/wp-content\/uploads\/2018\/11\/20181101_164546-e1541322980814.jpg\"><img loading=\"lazy\" decoding=\"async\" class=\"alignnone size-thumbnail wp-image-715\" src=\"http:\/\/www.fotoandnet.de\/wp\/wp-content\/uploads\/2018\/11\/20181101_164546-e1541322980814-150x150.jpg\" alt=\"\" width=\"150\" height=\"150\"><\/a> <a href=\"http:\/\/www.fotoandnet.de\/wp\/wp-content\/uploads\/2018\/11\/20181101_164818.jpg\"><img loading=\"lazy\" decoding=\"async\" class=\"alignnone size-thumbnail wp-image-716\" src=\"http:\/\/www.fotoandnet.de\/wp\/wp-content\/uploads\/2018\/11\/20181101_164818-150x150.jpg\" alt=\"\" width=\"150\" height=\"150\"><\/a><\/p>\n<p>Drau\u00dfen im Garten hat das Vogelh\u00e4uschen einen sch\u00f6nen Platz erhalten und wird langsam von den Pipsern angenommen. <a href=\"http:\/\/www.fotoandnet.de\/wp\/wp-content\/uploads\/2018\/11\/20181101_170240-e1541322992332.jpg\"><img loading=\"lazy\" decoding=\"async\" class=\"alignnone size-medium wp-image-717\" src=\"http:\/\/www.fotoandnet.de\/wp\/wp-content\/uploads\/2018\/11\/20181101_170240-e1541322992332-225x300.jpg\" alt=\"\" width=\"225\" height=\"300\" srcset=\"http:\/\/www.fotoandnet.de\/wp\/wp-content\/uploads\/2018\/11\/20181101_170240-e1541322992332-225x300.jpg 225w, http:\/\/www.fotoandnet.de\/wp\/wp-content\/uploads\/2018\/11\/20181101_170240-e1541322992332-768x1024.jpg 768w\" sizes=\"auto, (max-width: 225px) 100vw, 225px\" \/><\/a><\/p>\n<p>Ich hoffe der Autolack wird das Birkemultiplex gut vor Feuchtigkeit sch\u00fctzen, dann ich bin echt stolz auf das Vogelh\u00e4uschen und es soll m\u00f6glichst lange halten.<\/p>\n<p>&nbsp;<\/p>\n","protected":false},"excerpt":{"rendered":"<p>Es ist ja nicht das erstemal, das ich ein Vogelh\u00e4uschen baue. Dieses mal sollte es aber etwas besonderes werden. Mein Anspruch an die Optik ist durch die Projekte ja auch gestiegen. Wie immer habe&#46;&#46;&#46;<\/p>\n","protected":false},"author":2,"featured_media":718,"comment_status":"closed","ping_status":"closed","sticky":false,"template":"","format":"standard","meta":{"footnotes":""},"categories":[12],"tags":[31,29,28,30,32,27],"class_list":["post-637","post","type-post","status-publish","format-standard","has-post-thumbnail","hentry","category-heimwerken","tag-bevelbox","tag-birkemultiplex","tag-dekupiersaege","tag-elektrotacker","tag-gehrungen","tag-viktorianisches-vogelhaeuschen"],"_links":{"self":[{"href":"http:\/\/www.fotoandnet.de\/wp\/index.php?rest_route=\/wp\/v2\/posts\/637","targetHints":{"allow":["GET"]}}],"collection":[{"href":"http:\/\/www.fotoandnet.de\/wp\/index.php?rest_route=\/wp\/v2\/posts"}],"about":[{"href":"http:\/\/www.fotoandnet.de\/wp\/index.php?rest_route=\/wp\/v2\/types\/post"}],"author":[{"embeddable":true,"href":"http:\/\/www.fotoandnet.de\/wp\/index.php?rest_route=\/wp\/v2\/users\/2"}],"replies":[{"embeddable":true,"href":"http:\/\/www.fotoandnet.de\/wp\/index.php?rest_route=%2Fwp%2Fv2%2Fcomments&post=637"}],"version-history":[{"count":22,"href":"http:\/\/www.fotoandnet.de\/wp\/index.php?rest_route=\/wp\/v2\/posts\/637\/revisions"}],"predecessor-version":[{"id":1454,"href":"http:\/\/www.fotoandnet.de\/wp\/index.php?rest_route=\/wp\/v2\/posts\/637\/revisions\/1454"}],"wp:featuredmedia":[{"embeddable":true,"href":"http:\/\/www.fotoandnet.de\/wp\/index.php?rest_route=\/wp\/v2\/media\/718"}],"wp:attachment":[{"href":"http:\/\/www.fotoandnet.de\/wp\/index.php?rest_route=%2Fwp%2Fv2%2Fmedia&parent=637"}],"wp:term":[{"taxonomy":"category","embeddable":true,"href":"http:\/\/www.fotoandnet.de\/wp\/index.php?rest_route=%2Fwp%2Fv2%2Fcategories&post=637"},{"taxonomy":"post_tag","embeddable":true,"href":"http:\/\/www.fotoandnet.de\/wp\/index.php?rest_route=%2Fwp%2Fv2%2Ftags&post=637"}],"curies":[{"name":"wp","href":"https:\/\/api.w.org\/{rel}","templated":true}]}}