{"id":146,"date":"2017-01-14T19:33:12","date_gmt":"2017-01-14T18:33:12","guid":{"rendered":"http:\/\/www.fotoandnet.de\/wp\/?p=146"},"modified":"2017-01-14T19:34:10","modified_gmt":"2017-01-14T18:34:10","slug":"mp3-reparatur","status":"publish","type":"post","link":"http:\/\/www.fotoandnet.de\/wp\/?p=146","title":{"rendered":"MP3 Reparatur"},"content":{"rendered":"<p>Nachdem ich \u00fcber meine MP3 Files mal mit <a href=\"https:\/\/www.archlinux.org\/packages\/community\/x86_64\/mpck\/files\/\">mpck<\/a> dr\u00fcber gelaufen bin, war die Ern\u00fcchterung gross. Es waren doch einige dabei, die flasche VBR Laufzeiten oder andere Fehler hatten. Das habe ich jetzt durch mp3val bereinigt. Wer seine MP3 Sammlung Checken\/Reparieren kann das ja auch mit <a href=\"http:\/\/mp3val.sourceforge.net\/\">mp3val<\/a> machen. Die Kombination der beiden Tools geht durch folgenden Bash Befehl:<\/p>\n<p>mpck -BRr &lt;MP3-Verzeichnis&gt; | grep SUMMARY | cut -c10- | mp3val -f -p<\/p>\n","protected":false},"excerpt":{"rendered":"<p>Nachdem ich \u00fcber meine MP3 Files mal mit mpck dr\u00fcber gelaufen bin, war die Ern\u00fcchterung gross. Es waren doch einige dabei, die flasche VBR Laufzeiten oder andere Fehler hatten. Das habe ich jetzt durch&#46;&#46;&#46;<\/p>\n","protected":false},"author":2,"featured_media":0,"comment_status":"open","ping_status":"open","sticky":false,"template":"","format":"standard","meta":{"footnotes":""},"categories":[3],"tags":[],"class_list":["post-146","post","type-post","status-publish","format-standard","hentry","category-linux"],"_links":{"self":[{"href":"http:\/\/www.fotoandnet.de\/wp\/index.php?rest_route=\/wp\/v2\/posts\/146","targetHints":{"allow":["GET"]}}],"collection":[{"href":"http:\/\/www.fotoandnet.de\/wp\/index.php?rest_route=\/wp\/v2\/posts"}],"about":[{"href":"http:\/\/www.fotoandnet.de\/wp\/index.php?rest_route=\/wp\/v2\/types\/post"}],"author":[{"embeddable":true,"href":"http:\/\/www.fotoandnet.de\/wp\/index.php?rest_route=\/wp\/v2\/users\/2"}],"replies":[{"embeddable":true,"href":"http:\/\/www.fotoandnet.de\/wp\/index.php?rest_route=%2Fwp%2Fv2%2Fcomments&post=146"}],"version-history":[{"count":2,"href":"http:\/\/www.fotoandnet.de\/wp\/index.php?rest_route=\/wp\/v2\/posts\/146\/revisions"}],"predecessor-version":[{"id":148,"href":"http:\/\/www.fotoandnet.de\/wp\/index.php?rest_route=\/wp\/v2\/posts\/146\/revisions\/148"}],"wp:attachment":[{"href":"http:\/\/www.fotoandnet.de\/wp\/index.php?rest_route=%2Fwp%2Fv2%2Fmedia&parent=146"}],"wp:term":[{"taxonomy":"category","embeddable":true,"href":"http:\/\/www.fotoandnet.de\/wp\/index.php?rest_route=%2Fwp%2Fv2%2Fcategories&post=146"},{"taxonomy":"post_tag","embeddable":true,"href":"http:\/\/www.fotoandnet.de\/wp\/index.php?rest_route=%2Fwp%2Fv2%2Ftags&post=146"}],"curies":[{"name":"wp","href":"https:\/\/api.w.org\/{rel}","templated":true}]}}