{"id":1319,"date":"2020-07-24T16:44:56","date_gmt":"2020-07-24T15:44:56","guid":{"rendered":"http:\/\/www.fotoandnet.de\/wp\/?p=1319"},"modified":"2022-03-25T18:24:46","modified_gmt":"2022-03-25T17:24:46","slug":"mein-intel-nuc-hat-fertig","status":"publish","type":"post","link":"http:\/\/www.fotoandnet.de\/wp\/?p=1319","title":{"rendered":"Mein Intel NUC hat fertig!"},"content":{"rendered":"\n<p>Nachdem ich schon l\u00e4nger \u00fcber die Instabilit\u00e4t meines 3Jahre und 3 Monate alten Intel Skull NUCs ge\u00e4rgert hatte, war es nun endlich Zeit f\u00fcr einen Systemwechsel.<\/p>\n\n\n\n<figure class=\"wp-block-image size-large\"><a href=\"http:\/\/www.fotoandnet.de\/wp\/wp-content\/uploads\/2020\/07\/20200406_204343.jpg\"><img loading=\"lazy\" decoding=\"async\" width=\"1024\" height=\"768\" src=\"http:\/\/www.fotoandnet.de\/wp\/wp-content\/uploads\/2020\/07\/20200406_204343-1024x768.jpg\" alt=\"\" class=\"wp-image-1315\" srcset=\"http:\/\/www.fotoandnet.de\/wp\/wp-content\/uploads\/2020\/07\/20200406_204343-1024x768.jpg 1024w, http:\/\/www.fotoandnet.de\/wp\/wp-content\/uploads\/2020\/07\/20200406_204343-300x225.jpg 300w, http:\/\/www.fotoandnet.de\/wp\/wp-content\/uploads\/2020\/07\/20200406_204343-768x576.jpg 768w, http:\/\/www.fotoandnet.de\/wp\/wp-content\/uploads\/2020\/07\/20200406_204343.jpg 1440w\" sizes=\"auto, (max-width: 1024px) 100vw, 1024px\" \/><\/a><figcaption>Alt und Neu<\/figcaption><\/figure>\n\n\n\n<p>Es sollte ein neues System sein, mit geringem Stromverbrauch (also eigentlich m\u00f6glichste leise und klein). Unter diesem Gesichtspunkt bin ich durch lange Diskussionen mit <a rel=\"noreferrer noopener\" href=\"https:\/\/www.ueschner.net\/\" target=\"_blank\">Ralph<\/a> auf die AMD Ryzen 5 Reihe gekommen. Die Philosophie des Intel NUC: kleines Geh\u00e4use und leistungsstarker Inhalt f\u00fcr die Desktop Nutzung  fand ich eigentlich ganz gut. Die Suche ging also nach einem Setup, welches dem Nahe kam, aber diesmal nicht mit Laptop Komponenten, wie beim Intel NUC. F\u00fcndig wurde ich im A300 DeskMini Geh\u00e4use von ASRock, mit passendem Motherboard inklusive. Doch was steckt man da so rein?<\/p>\n\n\n\n<figure class=\"wp-block-image size-large\"><a href=\"http:\/\/www.fotoandnet.de\/wp\/wp-content\/uploads\/2020\/07\/20200406_204001.jpg\"><img loading=\"lazy\" decoding=\"async\" width=\"1024\" height=\"768\" src=\"http:\/\/www.fotoandnet.de\/wp\/wp-content\/uploads\/2020\/07\/20200406_204001-1024x768.jpg\" alt=\"\" class=\"wp-image-1316\" srcset=\"http:\/\/www.fotoandnet.de\/wp\/wp-content\/uploads\/2020\/07\/20200406_204001-1024x768.jpg 1024w, http:\/\/www.fotoandnet.de\/wp\/wp-content\/uploads\/2020\/07\/20200406_204001-300x225.jpg 300w, http:\/\/www.fotoandnet.de\/wp\/wp-content\/uploads\/2020\/07\/20200406_204001-768x576.jpg 768w, http:\/\/www.fotoandnet.de\/wp\/wp-content\/uploads\/2020\/07\/20200406_204001.jpg 1440w\" sizes=\"auto, (max-width: 1024px) 100vw, 1024px\" \/><\/a><\/figure>\n\n\n\n<p>Ich entschied mich f\u00fcr einen AMD Ryzen 5 2400G mit passenden 32GByte RAM. Das Geh\u00e4use macht einen brauchbaren, aber nicht sonderlich hochwertigen Eindruck.<\/p>\n\n\n\n<figure class=\"wp-block-gallery has-nested-images columns-default is-cropped wp-block-gallery-1 is-layout-flex wp-block-gallery-is-layout-flex\">\n<figure class=\"wp-block-image size-large\"><a href=\"https:\/\/www.fotoandnet.de\/wp\/wp-content\/uploads\/2020\/07\/20200406_205158.jpg\"><img loading=\"lazy\" decoding=\"async\" width=\"1024\" height=\"768\" data-id=\"1317\" src=\"http:\/\/www.fotoandnet.de\/wp\/wp-content\/uploads\/2020\/07\/20200406_205158-1024x768.jpg\" alt=\"\" class=\"wp-image-1317\" srcset=\"http:\/\/www.fotoandnet.de\/wp\/wp-content\/uploads\/2020\/07\/20200406_205158-1024x768.jpg 1024w, http:\/\/www.fotoandnet.de\/wp\/wp-content\/uploads\/2020\/07\/20200406_205158-300x225.jpg 300w, http:\/\/www.fotoandnet.de\/wp\/wp-content\/uploads\/2020\/07\/20200406_205158-768x576.jpg 768w, http:\/\/www.fotoandnet.de\/wp\/wp-content\/uploads\/2020\/07\/20200406_205158.jpg 1440w\" sizes=\"auto, (max-width: 1024px) 100vw, 1024px\" \/><\/a><\/figure>\n\n\n\n<figure class=\"wp-block-image size-large\"><a href=\"https:\/\/www.fotoandnet.de\/wp\/wp-content\/uploads\/2020\/07\/20200406_205207.jpg\"><img loading=\"lazy\" decoding=\"async\" width=\"1024\" height=\"768\" data-id=\"1318\" src=\"http:\/\/www.fotoandnet.de\/wp\/wp-content\/uploads\/2020\/07\/20200406_205207-1024x768.jpg\" alt=\"\" class=\"wp-image-1318\" srcset=\"http:\/\/www.fotoandnet.de\/wp\/wp-content\/uploads\/2020\/07\/20200406_205207-1024x768.jpg 1024w, http:\/\/www.fotoandnet.de\/wp\/wp-content\/uploads\/2020\/07\/20200406_205207-300x225.jpg 300w, http:\/\/www.fotoandnet.de\/wp\/wp-content\/uploads\/2020\/07\/20200406_205207-768x576.jpg 768w, http:\/\/www.fotoandnet.de\/wp\/wp-content\/uploads\/2020\/07\/20200406_205207.jpg 1440w\" sizes=\"auto, (max-width: 1024px) 100vw, 1024px\" \/><\/a><\/figure>\n<figcaption class=\"blocks-gallery-caption\">A300 DeskMini ASrock Geh\u00e4use.<\/figcaption><\/figure>\n\n\n\n<p>Dem Geh\u00e4use liegt ein extra kleiner L\u00fcfter bei, welchen ich jedoch nicht benutzen wollte, wegen der auf Youtube von anderen als hoch bezeichnete Lautst\u00e4rke. Anstelle dessen habe ich recherchiert, dass der Boxed L\u00fcfter ebenso passen soll.<\/p>\n\n\n\n<div class=\"wp-block-image\"><figure class=\"aligncenter size-medium\"><a href=\"http:\/\/www.fotoandnet.de\/wp\/wp-content\/uploads\/2020\/07\/20200406_210739.jpg\"><img loading=\"lazy\" decoding=\"async\" width=\"300\" height=\"225\" src=\"http:\/\/www.fotoandnet.de\/wp\/wp-content\/uploads\/2020\/07\/20200406_210739-300x225.jpg\" alt=\"\" class=\"wp-image-1326\" srcset=\"http:\/\/www.fotoandnet.de\/wp\/wp-content\/uploads\/2020\/07\/20200406_210739-300x225.jpg 300w, http:\/\/www.fotoandnet.de\/wp\/wp-content\/uploads\/2020\/07\/20200406_210739-1024x768.jpg 1024w, http:\/\/www.fotoandnet.de\/wp\/wp-content\/uploads\/2020\/07\/20200406_210739-768x576.jpg 768w, http:\/\/www.fotoandnet.de\/wp\/wp-content\/uploads\/2020\/07\/20200406_210739.jpg 1440w\" sizes=\"auto, (max-width: 300px) 100vw, 300px\" \/><\/a><figcaption>A300 L\u00fcfter und Boxed L\u00fcfter<\/figcaption><\/figure><\/div>\n\n\n\n<p>Der Boxed L\u00fcfter macht einen deutlich leistungsf\u00e4higeren Eindruck! Allerdings muss daf\u00fcr die auf dem Motherboard installierte Halterung runter. Gut ist, dass sie Bohrungen der original Halterung genau zum Boxed L\u00fcfter passen. \ud83d\ude09<\/p>\n\n\n\n<div class=\"wp-block-image\"><figure class=\"aligncenter size-medium\"><a href=\"http:\/\/www.fotoandnet.de\/wp\/wp-content\/uploads\/2020\/07\/20200406_211049-rotated.jpg\"><img loading=\"lazy\" decoding=\"async\" width=\"225\" height=\"300\" src=\"http:\/\/www.fotoandnet.de\/wp\/wp-content\/uploads\/2020\/07\/20200406_211049-225x300.jpg\" alt=\"\" class=\"wp-image-1327\" srcset=\"http:\/\/www.fotoandnet.de\/wp\/wp-content\/uploads\/2020\/07\/20200406_211049-225x300.jpg 225w, http:\/\/www.fotoandnet.de\/wp\/wp-content\/uploads\/2020\/07\/20200406_211049-768x1024.jpg 768w, http:\/\/www.fotoandnet.de\/wp\/wp-content\/uploads\/2020\/07\/20200406_211049-rotated.jpg 1080w\" sizes=\"auto, (max-width: 225px) 100vw, 225px\" \/><\/a><figcaption>original A300 L\u00fcfter-Halterung<\/figcaption><\/figure><\/div>\n\n\n\n<p>Also CPU installiert und L\u00fcfter aufgesetzt.<\/p>\n\n\n\n<figure class=\"wp-block-gallery has-nested-images columns-default is-cropped wp-block-gallery-2 is-layout-flex wp-block-gallery-is-layout-flex\">\n<figure class=\"wp-block-image size-large\"><a href=\"https:\/\/www.fotoandnet.de\/wp\/wp-content\/uploads\/2020\/07\/20200406_211132.jpg\"><img loading=\"lazy\" decoding=\"async\" width=\"1024\" height=\"768\" data-id=\"1328\" src=\"http:\/\/www.fotoandnet.de\/wp\/wp-content\/uploads\/2020\/07\/20200406_211132-1024x768.jpg\" alt=\"\" class=\"wp-image-1328\" srcset=\"http:\/\/www.fotoandnet.de\/wp\/wp-content\/uploads\/2020\/07\/20200406_211132-1024x768.jpg 1024w, http:\/\/www.fotoandnet.de\/wp\/wp-content\/uploads\/2020\/07\/20200406_211132-300x225.jpg 300w, http:\/\/www.fotoandnet.de\/wp\/wp-content\/uploads\/2020\/07\/20200406_211132-768x576.jpg 768w, http:\/\/www.fotoandnet.de\/wp\/wp-content\/uploads\/2020\/07\/20200406_211132.jpg 1440w\" sizes=\"auto, (max-width: 1024px) 100vw, 1024px\" \/><\/a><\/figure>\n\n\n\n<figure class=\"wp-block-image size-large\"><a href=\"https:\/\/www.fotoandnet.de\/wp\/wp-content\/uploads\/2020\/07\/20200406_211445.jpg\"><img loading=\"lazy\" decoding=\"async\" width=\"1024\" height=\"768\" data-id=\"1329\" src=\"http:\/\/www.fotoandnet.de\/wp\/wp-content\/uploads\/2020\/07\/20200406_211445-1024x768.jpg\" alt=\"\" class=\"wp-image-1329\" srcset=\"http:\/\/www.fotoandnet.de\/wp\/wp-content\/uploads\/2020\/07\/20200406_211445-1024x768.jpg 1024w, http:\/\/www.fotoandnet.de\/wp\/wp-content\/uploads\/2020\/07\/20200406_211445-300x225.jpg 300w, http:\/\/www.fotoandnet.de\/wp\/wp-content\/uploads\/2020\/07\/20200406_211445-768x576.jpg 768w, http:\/\/www.fotoandnet.de\/wp\/wp-content\/uploads\/2020\/07\/20200406_211445.jpg 1440w\" sizes=\"auto, (max-width: 1024px) 100vw, 1024px\" \/><\/a><\/figure>\n\n\n\n<figure class=\"wp-block-image size-large\"><a href=\"https:\/\/www.fotoandnet.de\/wp\/wp-content\/uploads\/2020\/07\/20200406_211626-rotated.jpg\"><img loading=\"lazy\" decoding=\"async\" width=\"768\" height=\"1024\" data-id=\"1330\" src=\"http:\/\/www.fotoandnet.de\/wp\/wp-content\/uploads\/2020\/07\/20200406_211626-768x1024.jpg\" alt=\"\" class=\"wp-image-1330\" srcset=\"http:\/\/www.fotoandnet.de\/wp\/wp-content\/uploads\/2020\/07\/20200406_211626-768x1024.jpg 768w, http:\/\/www.fotoandnet.de\/wp\/wp-content\/uploads\/2020\/07\/20200406_211626-225x300.jpg 225w, http:\/\/www.fotoandnet.de\/wp\/wp-content\/uploads\/2020\/07\/20200406_211626-rotated.jpg 1080w\" sizes=\"auto, (max-width: 768px) 100vw, 768px\" \/><\/a><\/figure>\n<figcaption class=\"blocks-gallery-caption\">CPU und L\u00fcfter<\/figcaption><\/figure>\n\n\n\n<p>Na so ein Mist, vom L\u00fcfter stehen Nasen \u00fcber, genau in Richtung der RAM Slots. Ich hab den L\u00fcfter einmal um 180\u00b0 gedreht. Dann stehen die Nasen so \u00fcber, dass das Motherboard nicht mehr ins Geh\u00e4use pa\u00dft. Also einen Seitenschneider geschnappt und die bl\u00f6den Plastiknasen abgezwickt.<\/p>\n\n\n\n<figure class=\"wp-block-gallery has-nested-images columns-default is-cropped wp-block-gallery-3 is-layout-flex wp-block-gallery-is-layout-flex\">\n<figure class=\"wp-block-image\"><a href=\"https:\/\/www.fotoandnet.de\/wp\/wp-content\/uploads\/2020\/07\/20200406_211626-rotated.jpg\"><img loading=\"lazy\" decoding=\"async\" width=\"225\" height=\"300\" data-id=\"1330\" src=\"http:\/\/www.fotoandnet.de\/wp\/wp-content\/uploads\/2020\/07\/20200406_211626-225x300.jpg\" alt=\"\" class=\"wp-image-1330\" srcset=\"http:\/\/www.fotoandnet.de\/wp\/wp-content\/uploads\/2020\/07\/20200406_211626-225x300.jpg 225w, http:\/\/www.fotoandnet.de\/wp\/wp-content\/uploads\/2020\/07\/20200406_211626-768x1024.jpg 768w, http:\/\/www.fotoandnet.de\/wp\/wp-content\/uploads\/2020\/07\/20200406_211626-rotated.jpg 1080w\" sizes=\"auto, (max-width: 225px) 100vw, 225px\" \/><\/a><\/figure>\n\n\n\n<figure class=\"wp-block-image\"><a href=\"https:\/\/www.fotoandnet.de\/wp\/wp-content\/uploads\/2020\/07\/20200406_213201.jpg\"><img loading=\"lazy\" decoding=\"async\" width=\"300\" height=\"225\" data-id=\"1332\" src=\"http:\/\/www.fotoandnet.de\/wp\/wp-content\/uploads\/2020\/07\/20200406_213201-300x225.jpg\" alt=\"\" class=\"wp-image-1332\" srcset=\"http:\/\/www.fotoandnet.de\/wp\/wp-content\/uploads\/2020\/07\/20200406_213201-300x225.jpg 300w, http:\/\/www.fotoandnet.de\/wp\/wp-content\/uploads\/2020\/07\/20200406_213201-1024x768.jpg 1024w, http:\/\/www.fotoandnet.de\/wp\/wp-content\/uploads\/2020\/07\/20200406_213201-768x576.jpg 768w, http:\/\/www.fotoandnet.de\/wp\/wp-content\/uploads\/2020\/07\/20200406_213201.jpg 1440w\" sizes=\"auto, (max-width: 300px) 100vw, 300px\" \/><\/a><\/figure>\n<figcaption class=\"blocks-gallery-caption\">\u00dcberstehende L\u00fcfternasen vom Boxed L\u00fcfter<\/figcaption><\/figure>\n\n\n\n<p>Nachdem dieses Problem &#8222;beseitigt&#8220; wurde passten auch die RAM Riegel ordentlich ins Board.<\/p>\n\n\n\n<figure class=\"wp-block-gallery has-nested-images columns-default is-cropped wp-block-gallery-4 is-layout-flex wp-block-gallery-is-layout-flex\">\n<figure class=\"wp-block-image size-large\"><a href=\"https:\/\/www.fotoandnet.de\/wp\/wp-content\/uploads\/2020\/07\/20200406_212158-rotated.jpg\"><img loading=\"lazy\" decoding=\"async\" width=\"1024\" height=\"768\" data-id=\"1335\" src=\"http:\/\/www.fotoandnet.de\/wp\/wp-content\/uploads\/2020\/07\/20200406_212158-1024x768.jpg\" alt=\"\" class=\"wp-image-1335\" srcset=\"http:\/\/www.fotoandnet.de\/wp\/wp-content\/uploads\/2020\/07\/20200406_212158-1024x768.jpg 1024w, http:\/\/www.fotoandnet.de\/wp\/wp-content\/uploads\/2020\/07\/20200406_212158-300x225.jpg 300w, http:\/\/www.fotoandnet.de\/wp\/wp-content\/uploads\/2020\/07\/20200406_212158-768x576.jpg 768w, http:\/\/www.fotoandnet.de\/wp\/wp-content\/uploads\/2020\/07\/20200406_212158-rotated.jpg 1440w\" sizes=\"auto, (max-width: 1024px) 100vw, 1024px\" \/><\/a><\/figure>\n\n\n\n<figure class=\"wp-block-image size-large\"><a href=\"https:\/\/www.fotoandnet.de\/wp\/wp-content\/uploads\/2020\/07\/20200406_212848.jpg\"><img loading=\"lazy\" decoding=\"async\" width=\"1024\" height=\"768\" data-id=\"1336\" src=\"http:\/\/www.fotoandnet.de\/wp\/wp-content\/uploads\/2020\/07\/20200406_212848-1024x768.jpg\" alt=\"\" class=\"wp-image-1336\" srcset=\"http:\/\/www.fotoandnet.de\/wp\/wp-content\/uploads\/2020\/07\/20200406_212848-1024x768.jpg 1024w, http:\/\/www.fotoandnet.de\/wp\/wp-content\/uploads\/2020\/07\/20200406_212848-300x225.jpg 300w, http:\/\/www.fotoandnet.de\/wp\/wp-content\/uploads\/2020\/07\/20200406_212848-768x576.jpg 768w, http:\/\/www.fotoandnet.de\/wp\/wp-content\/uploads\/2020\/07\/20200406_212848.jpg 1440w\" sizes=\"auto, (max-width: 1024px) 100vw, 1024px\" \/><\/a><\/figure>\n\n\n\n<figure class=\"wp-block-image size-large\"><a href=\"https:\/\/www.fotoandnet.de\/wp\/wp-content\/uploads\/2020\/07\/20200406_212145-rotated.jpg\"><img loading=\"lazy\" decoding=\"async\" width=\"1024\" height=\"768\" data-id=\"1334\" src=\"http:\/\/www.fotoandnet.de\/wp\/wp-content\/uploads\/2020\/07\/20200406_212145-1024x768.jpg\" alt=\"\" class=\"wp-image-1334\" srcset=\"http:\/\/www.fotoandnet.de\/wp\/wp-content\/uploads\/2020\/07\/20200406_212145-1024x768.jpg 1024w, http:\/\/www.fotoandnet.de\/wp\/wp-content\/uploads\/2020\/07\/20200406_212145-300x225.jpg 300w, http:\/\/www.fotoandnet.de\/wp\/wp-content\/uploads\/2020\/07\/20200406_212145-768x576.jpg 768w, http:\/\/www.fotoandnet.de\/wp\/wp-content\/uploads\/2020\/07\/20200406_212145-rotated.jpg 1440w\" sizes=\"auto, (max-width: 1024px) 100vw, 1024px\" \/><\/a><\/figure>\n<figcaption class=\"blocks-gallery-caption\">32GByte RAM<\/figcaption><\/figure>\n\n\n\n<p>Jetzt war der spannende Augenblick, ob das ganze \u00fcberhaupt funktioniert gekommen &#8211; also der erste Funktionstest mit Linux Arch vom USB Stick booten. Das ganze vorsichtig ins Geh\u00e4use buchsiert und dann mal sehen was das UEFI sagt und ob es denn bootet.<\/p>\n\n\n\n<figure class=\"wp-block-gallery has-nested-images columns-default is-cropped wp-block-gallery-5 is-layout-flex wp-block-gallery-is-layout-flex\">\n<figure class=\"wp-block-image size-large\"><a href=\"https:\/\/www.fotoandnet.de\/wp\/wp-content\/uploads\/2020\/07\/20200406_213428.jpg\"><img loading=\"lazy\" decoding=\"async\" width=\"1024\" height=\"768\" data-id=\"1338\" src=\"http:\/\/www.fotoandnet.de\/wp\/wp-content\/uploads\/2020\/07\/20200406_213428-1024x768.jpg\" alt=\"\" class=\"wp-image-1338\" srcset=\"http:\/\/www.fotoandnet.de\/wp\/wp-content\/uploads\/2020\/07\/20200406_213428-1024x768.jpg 1024w, http:\/\/www.fotoandnet.de\/wp\/wp-content\/uploads\/2020\/07\/20200406_213428-300x225.jpg 300w, http:\/\/www.fotoandnet.de\/wp\/wp-content\/uploads\/2020\/07\/20200406_213428-768x576.jpg 768w, http:\/\/www.fotoandnet.de\/wp\/wp-content\/uploads\/2020\/07\/20200406_213428.jpg 1440w\" sizes=\"auto, (max-width: 1024px) 100vw, 1024px\" \/><\/a><\/figure>\n\n\n\n<figure class=\"wp-block-image size-large\"><a href=\"https:\/\/www.fotoandnet.de\/wp\/wp-content\/uploads\/2020\/07\/20200406_213437.jpg\"><img loading=\"lazy\" decoding=\"async\" width=\"1024\" height=\"768\" data-id=\"1339\" src=\"http:\/\/www.fotoandnet.de\/wp\/wp-content\/uploads\/2020\/07\/20200406_213437-1024x768.jpg\" alt=\"\" class=\"wp-image-1339\" srcset=\"http:\/\/www.fotoandnet.de\/wp\/wp-content\/uploads\/2020\/07\/20200406_213437-1024x768.jpg 1024w, http:\/\/www.fotoandnet.de\/wp\/wp-content\/uploads\/2020\/07\/20200406_213437-300x225.jpg 300w, http:\/\/www.fotoandnet.de\/wp\/wp-content\/uploads\/2020\/07\/20200406_213437-768x576.jpg 768w, http:\/\/www.fotoandnet.de\/wp\/wp-content\/uploads\/2020\/07\/20200406_213437.jpg 1440w\" sizes=\"auto, (max-width: 1024px) 100vw, 1024px\" \/><\/a><\/figure>\n\n\n\n<figure class=\"wp-block-image size-large\"><a href=\"https:\/\/www.fotoandnet.de\/wp\/wp-content\/uploads\/2020\/07\/20200406_213917.jpg\"><img loading=\"lazy\" decoding=\"async\" width=\"1024\" height=\"768\" data-id=\"1340\" src=\"http:\/\/www.fotoandnet.de\/wp\/wp-content\/uploads\/2020\/07\/20200406_213917-1024x768.jpg\" alt=\"\" class=\"wp-image-1340\" srcset=\"http:\/\/www.fotoandnet.de\/wp\/wp-content\/uploads\/2020\/07\/20200406_213917-1024x768.jpg 1024w, http:\/\/www.fotoandnet.de\/wp\/wp-content\/uploads\/2020\/07\/20200406_213917-300x225.jpg 300w, http:\/\/www.fotoandnet.de\/wp\/wp-content\/uploads\/2020\/07\/20200406_213917-768x576.jpg 768w, http:\/\/www.fotoandnet.de\/wp\/wp-content\/uploads\/2020\/07\/20200406_213917.jpg 1440w\" sizes=\"auto, (max-width: 1024px) 100vw, 1024px\" \/><\/a><\/figure>\n\n\n\n<figure class=\"wp-block-image size-large\"><a href=\"https:\/\/www.fotoandnet.de\/wp\/wp-content\/uploads\/2020\/07\/20200406_213945_HDR.jpg\"><img loading=\"lazy\" decoding=\"async\" width=\"1024\" height=\"768\" data-id=\"1342\" src=\"http:\/\/www.fotoandnet.de\/wp\/wp-content\/uploads\/2020\/07\/20200406_213945_HDR-1024x768.jpg\" alt=\"\" class=\"wp-image-1342\" srcset=\"http:\/\/www.fotoandnet.de\/wp\/wp-content\/uploads\/2020\/07\/20200406_213945_HDR-1024x768.jpg 1024w, http:\/\/www.fotoandnet.de\/wp\/wp-content\/uploads\/2020\/07\/20200406_213945_HDR-300x225.jpg 300w, http:\/\/www.fotoandnet.de\/wp\/wp-content\/uploads\/2020\/07\/20200406_213945_HDR-768x576.jpg 768w, http:\/\/www.fotoandnet.de\/wp\/wp-content\/uploads\/2020\/07\/20200406_213945_HDR.jpg 1440w\" sizes=\"auto, (max-width: 1024px) 100vw, 1024px\" \/><\/a><\/figure>\n<\/figure>\n\n\n\n<p>Das sah ganz gut aus, und nach Ralph Hinweis das richtige XMP RAM Profil zu nutzen liefen die Bausteine auch in der passenden Geschwindigkeit. Aus den Erfahrungen des Intel NUC hatte ich gelernt, kein System mehr ohne RAID zu bauen und von gro\u00dfen NVME f\u00fcr die Datenablage bin ich auch weg.  \ud83d\ude41<\/p>\n\n\n\n<p>Ich habe mich f\u00fcr zwei schnuckelige 2TB 2,5&#8243; HDDs entschieden, diese welche zusammen ein RAID1 bilden sollten. Auf den ersten Blick habe ich mich bei dem Chassis gefragt, wo die Dinger eigentlich Platz haben sollten. Aber laut Anleitung sollte daf\u00fcr Platz vorhanden sein. Und richtig, war er auch, und zwar auf der R\u00fcckseite des Motherboard-Schlittens. Mit Spezial-Kabel werden diese dann auf der R\u00fcckseite des Motherboards angeschlossen.<\/p>\n\n\n\n<figure class=\"wp-block-gallery has-nested-images columns-default is-cropped wp-block-gallery-6 is-layout-flex wp-block-gallery-is-layout-flex\">\n<figure class=\"wp-block-image size-large\"><a href=\"https:\/\/www.fotoandnet.de\/wp\/wp-content\/uploads\/2020\/07\/20200408_160326.jpg\"><img loading=\"lazy\" decoding=\"async\" width=\"1024\" height=\"768\" data-id=\"1348\" src=\"http:\/\/www.fotoandnet.de\/wp\/wp-content\/uploads\/2020\/07\/20200408_160326-1024x768.jpg\" alt=\"\" class=\"wp-image-1348\" srcset=\"http:\/\/www.fotoandnet.de\/wp\/wp-content\/uploads\/2020\/07\/20200408_160326-1024x768.jpg 1024w, http:\/\/www.fotoandnet.de\/wp\/wp-content\/uploads\/2020\/07\/20200408_160326-300x225.jpg 300w, http:\/\/www.fotoandnet.de\/wp\/wp-content\/uploads\/2020\/07\/20200408_160326-768x576.jpg 768w, http:\/\/www.fotoandnet.de\/wp\/wp-content\/uploads\/2020\/07\/20200408_160326.jpg 1440w\" sizes=\"auto, (max-width: 1024px) 100vw, 1024px\" \/><\/a><\/figure>\n\n\n\n<figure class=\"wp-block-image size-large\"><a href=\"https:\/\/www.fotoandnet.de\/wp\/wp-content\/uploads\/2020\/07\/20200408_161032.jpg\"><img loading=\"lazy\" decoding=\"async\" width=\"1024\" height=\"768\" data-id=\"1347\" src=\"http:\/\/www.fotoandnet.de\/wp\/wp-content\/uploads\/2020\/07\/20200408_161032-1024x768.jpg\" alt=\"\" class=\"wp-image-1347\" srcset=\"http:\/\/www.fotoandnet.de\/wp\/wp-content\/uploads\/2020\/07\/20200408_161032-1024x768.jpg 1024w, http:\/\/www.fotoandnet.de\/wp\/wp-content\/uploads\/2020\/07\/20200408_161032-300x225.jpg 300w, http:\/\/www.fotoandnet.de\/wp\/wp-content\/uploads\/2020\/07\/20200408_161032-768x576.jpg 768w, http:\/\/www.fotoandnet.de\/wp\/wp-content\/uploads\/2020\/07\/20200408_161032.jpg 1440w\" sizes=\"auto, (max-width: 1024px) 100vw, 1024px\" \/><\/a><\/figure>\n<figcaption class=\"blocks-gallery-caption\">2 x 2TB Raid1 aus 2,5&#8243; HDDs<\/figcaption><\/figure>\n\n\n\n<p>F\u00fcr das Kern-System \/ und das Homeverzeichnis \/home sollte es dann aber doch etwas flottes sein. Hier fand ich die Samsung EVO970Plus als eine sinnvolle L\u00f6sung. Diese habe ich initial ohne extra K\u00fchlk\u00f6rper eingebaut, aber dann doch auf Ralph geh\u00f6rt und einen K\u00fchlk\u00f6rper nach installiert. Unter der NMVE kann man noch das wirklich filigrane Wireless\/Bluetooth Model erkennen. <\/p>\n\n\n\n<figure class=\"wp-block-gallery has-nested-images columns-default is-cropped wp-block-gallery-7 is-layout-flex wp-block-gallery-is-layout-flex\">\n<figure class=\"wp-block-image size-large\"><a href=\"https:\/\/www.fotoandnet.de\/wp\/wp-content\/uploads\/2020\/07\/20200408_161130.jpg\"><img loading=\"lazy\" decoding=\"async\" width=\"1024\" height=\"768\" data-id=\"1351\" src=\"http:\/\/www.fotoandnet.de\/wp\/wp-content\/uploads\/2020\/07\/20200408_161130-1024x768.jpg\" alt=\"\" class=\"wp-image-1351\" srcset=\"http:\/\/www.fotoandnet.de\/wp\/wp-content\/uploads\/2020\/07\/20200408_161130-1024x768.jpg 1024w, http:\/\/www.fotoandnet.de\/wp\/wp-content\/uploads\/2020\/07\/20200408_161130-300x225.jpg 300w, http:\/\/www.fotoandnet.de\/wp\/wp-content\/uploads\/2020\/07\/20200408_161130-768x576.jpg 768w, http:\/\/www.fotoandnet.de\/wp\/wp-content\/uploads\/2020\/07\/20200408_161130.jpg 1440w\" sizes=\"auto, (max-width: 1024px) 100vw, 1024px\" \/><\/a><\/figure>\n\n\n\n<figure class=\"wp-block-image size-large\"><a href=\"https:\/\/www.fotoandnet.de\/wp\/wp-content\/uploads\/2020\/07\/20200408_161400.jpg\"><img loading=\"lazy\" decoding=\"async\" width=\"1024\" height=\"768\" data-id=\"1352\" src=\"http:\/\/www.fotoandnet.de\/wp\/wp-content\/uploads\/2020\/07\/20200408_161400-1024x768.jpg\" alt=\"\" class=\"wp-image-1352\" srcset=\"http:\/\/www.fotoandnet.de\/wp\/wp-content\/uploads\/2020\/07\/20200408_161400-1024x768.jpg 1024w, http:\/\/www.fotoandnet.de\/wp\/wp-content\/uploads\/2020\/07\/20200408_161400-300x225.jpg 300w, http:\/\/www.fotoandnet.de\/wp\/wp-content\/uploads\/2020\/07\/20200408_161400-768x576.jpg 768w, http:\/\/www.fotoandnet.de\/wp\/wp-content\/uploads\/2020\/07\/20200408_161400.jpg 1440w\" sizes=\"auto, (max-width: 1024px) 100vw, 1024px\" \/><\/a><\/figure>\n\n\n\n<figure class=\"wp-block-image size-large\"><a href=\"https:\/\/www.fotoandnet.de\/wp\/wp-content\/uploads\/2020\/07\/20200416_094319.jpg\"><img loading=\"lazy\" decoding=\"async\" width=\"1024\" height=\"768\" data-id=\"1353\" src=\"http:\/\/www.fotoandnet.de\/wp\/wp-content\/uploads\/2020\/07\/20200416_094319-1024x768.jpg\" alt=\"\" class=\"wp-image-1353\" srcset=\"http:\/\/www.fotoandnet.de\/wp\/wp-content\/uploads\/2020\/07\/20200416_094319-1024x768.jpg 1024w, http:\/\/www.fotoandnet.de\/wp\/wp-content\/uploads\/2020\/07\/20200416_094319-300x225.jpg 300w, http:\/\/www.fotoandnet.de\/wp\/wp-content\/uploads\/2020\/07\/20200416_094319-768x576.jpg 768w, http:\/\/www.fotoandnet.de\/wp\/wp-content\/uploads\/2020\/07\/20200416_094319.jpg 1440w\" sizes=\"auto, (max-width: 1024px) 100vw, 1024px\" \/><\/a><\/figure>\n\n\n\n<figure class=\"wp-block-image size-large\"><a href=\"https:\/\/www.fotoandnet.de\/wp\/wp-content\/uploads\/2020\/07\/20200416_094431.jpg\"><img loading=\"lazy\" decoding=\"async\" width=\"1024\" height=\"768\" data-id=\"1354\" src=\"http:\/\/www.fotoandnet.de\/wp\/wp-content\/uploads\/2020\/07\/20200416_094431-1024x768.jpg\" alt=\"\" class=\"wp-image-1354\" srcset=\"http:\/\/www.fotoandnet.de\/wp\/wp-content\/uploads\/2020\/07\/20200416_094431-1024x768.jpg 1024w, http:\/\/www.fotoandnet.de\/wp\/wp-content\/uploads\/2020\/07\/20200416_094431-300x225.jpg 300w, http:\/\/www.fotoandnet.de\/wp\/wp-content\/uploads\/2020\/07\/20200416_094431-768x576.jpg 768w, http:\/\/www.fotoandnet.de\/wp\/wp-content\/uploads\/2020\/07\/20200416_094431.jpg 1440w\" sizes=\"auto, (max-width: 1024px) 100vw, 1024px\" \/><\/a><\/figure>\n\n\n\n<figure class=\"wp-block-image size-large\"><a href=\"https:\/\/www.fotoandnet.de\/wp\/wp-content\/uploads\/2020\/07\/20200416_094440.jpg\"><img loading=\"lazy\" decoding=\"async\" width=\"1024\" height=\"768\" data-id=\"1355\" src=\"http:\/\/www.fotoandnet.de\/wp\/wp-content\/uploads\/2020\/07\/20200416_094440-1024x768.jpg\" alt=\"\" class=\"wp-image-1355\" srcset=\"http:\/\/www.fotoandnet.de\/wp\/wp-content\/uploads\/2020\/07\/20200416_094440-1024x768.jpg 1024w, http:\/\/www.fotoandnet.de\/wp\/wp-content\/uploads\/2020\/07\/20200416_094440-300x225.jpg 300w, http:\/\/www.fotoandnet.de\/wp\/wp-content\/uploads\/2020\/07\/20200416_094440-768x576.jpg 768w, http:\/\/www.fotoandnet.de\/wp\/wp-content\/uploads\/2020\/07\/20200416_094440.jpg 1440w\" sizes=\"auto, (max-width: 1024px) 100vw, 1024px\" \/><\/a><\/figure>\n<figcaption class=\"blocks-gallery-caption\">SSD f\u00fcrs System<\/figcaption><\/figure>\n\n\n\n<p>Was etwas bl\u00f6d gel\u00f6st ist von ASRock ist im A300 DeskMini Chassis m\u00fcssen die zwei zus\u00e4tzlichen USB2.0 Ports manuell nach installiert werden. Also versuchte ich mit meinen H\u00e4nden in dieser kleinen B\u00fcchse das zus\u00e4tzliche USB-Board zu verschrauben. Positiv bleibt nach diesem Akt nur zu vermerken, das Geh\u00e4use ist innen soweit Entgratet, dass man sich nicht die Pulsadern aufschlitzt..<\/p>\n\n\n\n<figure class=\"wp-block-gallery has-nested-images columns-default is-cropped wp-block-gallery-8 is-layout-flex wp-block-gallery-is-layout-flex\">\n<figure class=\"wp-block-image size-large\"><a href=\"https:\/\/www.fotoandnet.de\/wp\/wp-content\/uploads\/2020\/07\/20200408_161813.jpg\"><img loading=\"lazy\" decoding=\"async\" width=\"1024\" height=\"768\" data-id=\"1362\" src=\"http:\/\/www.fotoandnet.de\/wp\/wp-content\/uploads\/2020\/07\/20200408_161813-1024x768.jpg\" alt=\"\" class=\"wp-image-1362\" srcset=\"http:\/\/www.fotoandnet.de\/wp\/wp-content\/uploads\/2020\/07\/20200408_161813-1024x768.jpg 1024w, http:\/\/www.fotoandnet.de\/wp\/wp-content\/uploads\/2020\/07\/20200408_161813-300x225.jpg 300w, http:\/\/www.fotoandnet.de\/wp\/wp-content\/uploads\/2020\/07\/20200408_161813-768x576.jpg 768w, http:\/\/www.fotoandnet.de\/wp\/wp-content\/uploads\/2020\/07\/20200408_161813.jpg 1440w\" sizes=\"auto, (max-width: 1024px) 100vw, 1024px\" \/><\/a><\/figure>\n\n\n\n<figure class=\"wp-block-image size-large\"><a href=\"https:\/\/www.fotoandnet.de\/wp\/wp-content\/uploads\/2020\/07\/20200408_161822.jpg\"><img loading=\"lazy\" decoding=\"async\" width=\"1024\" height=\"768\" data-id=\"1361\" src=\"http:\/\/www.fotoandnet.de\/wp\/wp-content\/uploads\/2020\/07\/20200408_161822-1024x768.jpg\" alt=\"\" class=\"wp-image-1361\" srcset=\"http:\/\/www.fotoandnet.de\/wp\/wp-content\/uploads\/2020\/07\/20200408_161822-1024x768.jpg 1024w, http:\/\/www.fotoandnet.de\/wp\/wp-content\/uploads\/2020\/07\/20200408_161822-300x225.jpg 300w, http:\/\/www.fotoandnet.de\/wp\/wp-content\/uploads\/2020\/07\/20200408_161822-768x576.jpg 768w, http:\/\/www.fotoandnet.de\/wp\/wp-content\/uploads\/2020\/07\/20200408_161822.jpg 1440w\" sizes=\"auto, (max-width: 1024px) 100vw, 1024px\" \/><\/a><\/figure>\n<figcaption class=\"blocks-gallery-caption\">Zwei zus\u00e4tzliche USB2.0 Ports<\/figcaption><\/figure>\n\n\n\n<p>Mit den Anschl\u00fcssen f\u00fcr die WLan Antennen versuchte ich die Verkabelung inklusive Motherboard ins Chassis zu bekommen. Das stellt sich als unglaubliche Frickelei heraus, da es keine Clips\/Halterungen f\u00fcr die Kabel im Chassis gibt und man doch sehr aufpassen muss, dass kein Kabel in den CPU-L\u00fcfter kommt.<\/p>\n\n\n\n<figure class=\"wp-block-gallery has-nested-images columns-default is-cropped wp-block-gallery-9 is-layout-flex wp-block-gallery-is-layout-flex\">\n<figure class=\"wp-block-image size-large\"><a href=\"https:\/\/www.fotoandnet.de\/wp\/wp-content\/uploads\/2020\/07\/20200416_094252.jpg\"><img loading=\"lazy\" decoding=\"async\" width=\"1024\" height=\"768\" data-id=\"1364\" src=\"http:\/\/www.fotoandnet.de\/wp\/wp-content\/uploads\/2020\/07\/20200416_094252-1024x768.jpg\" alt=\"\" class=\"wp-image-1364\" srcset=\"http:\/\/www.fotoandnet.de\/wp\/wp-content\/uploads\/2020\/07\/20200416_094252-1024x768.jpg 1024w, http:\/\/www.fotoandnet.de\/wp\/wp-content\/uploads\/2020\/07\/20200416_094252-300x225.jpg 300w, http:\/\/www.fotoandnet.de\/wp\/wp-content\/uploads\/2020\/07\/20200416_094252-768x576.jpg 768w, http:\/\/www.fotoandnet.de\/wp\/wp-content\/uploads\/2020\/07\/20200416_094252.jpg 1440w\" sizes=\"auto, (max-width: 1024px) 100vw, 1024px\" \/><\/a><\/figure>\n\n\n\n<figure class=\"wp-block-image size-large\"><a href=\"https:\/\/www.fotoandnet.de\/wp\/wp-content\/uploads\/2020\/07\/20200416_094319-1.jpg\"><img loading=\"lazy\" decoding=\"async\" width=\"1024\" height=\"768\" data-id=\"1365\" src=\"http:\/\/www.fotoandnet.de\/wp\/wp-content\/uploads\/2020\/07\/20200416_094319-1-1024x768.jpg\" alt=\"\" class=\"wp-image-1365\" srcset=\"http:\/\/www.fotoandnet.de\/wp\/wp-content\/uploads\/2020\/07\/20200416_094319-1-1024x768.jpg 1024w, http:\/\/www.fotoandnet.de\/wp\/wp-content\/uploads\/2020\/07\/20200416_094319-1-300x225.jpg 300w, http:\/\/www.fotoandnet.de\/wp\/wp-content\/uploads\/2020\/07\/20200416_094319-1-768x576.jpg 768w, http:\/\/www.fotoandnet.de\/wp\/wp-content\/uploads\/2020\/07\/20200416_094319-1.jpg 1440w\" sizes=\"auto, (max-width: 1024px) 100vw, 1024px\" \/><\/a><\/figure>\n\n\n\n<figure class=\"wp-block-image size-large\"><a href=\"https:\/\/www.fotoandnet.de\/wp\/wp-content\/uploads\/2020\/07\/20200416_094327.jpg\"><img loading=\"lazy\" decoding=\"async\" width=\"1024\" height=\"768\" data-id=\"1366\" src=\"http:\/\/www.fotoandnet.de\/wp\/wp-content\/uploads\/2020\/07\/20200416_094327-1024x768.jpg\" alt=\"\" class=\"wp-image-1366\" srcset=\"http:\/\/www.fotoandnet.de\/wp\/wp-content\/uploads\/2020\/07\/20200416_094327-1024x768.jpg 1024w, http:\/\/www.fotoandnet.de\/wp\/wp-content\/uploads\/2020\/07\/20200416_094327-300x225.jpg 300w, http:\/\/www.fotoandnet.de\/wp\/wp-content\/uploads\/2020\/07\/20200416_094327-768x576.jpg 768w, http:\/\/www.fotoandnet.de\/wp\/wp-content\/uploads\/2020\/07\/20200416_094327.jpg 1440w\" sizes=\"auto, (max-width: 1024px) 100vw, 1024px\" \/><\/a><\/figure>\n\n\n\n<figure class=\"wp-block-image size-large\"><a href=\"https:\/\/www.fotoandnet.de\/wp\/wp-content\/uploads\/2020\/07\/20200416_094428.jpg\"><img loading=\"lazy\" decoding=\"async\" width=\"1024\" height=\"768\" data-id=\"1367\" src=\"http:\/\/www.fotoandnet.de\/wp\/wp-content\/uploads\/2020\/07\/20200416_094428-1024x768.jpg\" alt=\"\" class=\"wp-image-1367\" srcset=\"http:\/\/www.fotoandnet.de\/wp\/wp-content\/uploads\/2020\/07\/20200416_094428-1024x768.jpg 1024w, http:\/\/www.fotoandnet.de\/wp\/wp-content\/uploads\/2020\/07\/20200416_094428-300x225.jpg 300w, http:\/\/www.fotoandnet.de\/wp\/wp-content\/uploads\/2020\/07\/20200416_094428-768x576.jpg 768w, http:\/\/www.fotoandnet.de\/wp\/wp-content\/uploads\/2020\/07\/20200416_094428.jpg 1440w\" sizes=\"auto, (max-width: 1024px) 100vw, 1024px\" \/><\/a><\/figure>\n\n\n\n<figure class=\"wp-block-image size-large\"><a href=\"https:\/\/www.fotoandnet.de\/wp\/wp-content\/uploads\/2020\/07\/20200416_094431-1.jpg\"><img loading=\"lazy\" decoding=\"async\" width=\"1024\" height=\"768\" data-id=\"1368\" src=\"http:\/\/www.fotoandnet.de\/wp\/wp-content\/uploads\/2020\/07\/20200416_094431-1-1024x768.jpg\" alt=\"\" class=\"wp-image-1368\" srcset=\"http:\/\/www.fotoandnet.de\/wp\/wp-content\/uploads\/2020\/07\/20200416_094431-1-1024x768.jpg 1024w, http:\/\/www.fotoandnet.de\/wp\/wp-content\/uploads\/2020\/07\/20200416_094431-1-300x225.jpg 300w, http:\/\/www.fotoandnet.de\/wp\/wp-content\/uploads\/2020\/07\/20200416_094431-1-768x576.jpg 768w, http:\/\/www.fotoandnet.de\/wp\/wp-content\/uploads\/2020\/07\/20200416_094431-1.jpg 1440w\" sizes=\"auto, (max-width: 1024px) 100vw, 1024px\" \/><\/a><\/figure>\n<figcaption class=\"blocks-gallery-caption\">Kabelage des ASRock A300 DeskMini<\/figcaption><\/figure>\n\n\n\n<p>Nach mehreren Anl\u00e4ufen habe ich das Motherboard dann entnervt endlich richtig ins Geh\u00e4use bekommen!<\/p>\n\n\n\n<p>Anschlie\u00dfend habe ich dann mein geliebtes Linux Arch aufgesetzt und die beiden 2,5&#8243; HDDs zu einem Raid1 geb\u00fcndelt. Das dauerte beim Aufsetzen dann auch gute 12h bis es gebaut war. <\/p>\n\n\n\n<figure class=\"wp-block-gallery has-nested-images columns-default is-cropped wp-block-gallery-10 is-layout-flex wp-block-gallery-is-layout-flex\">\n<figure class=\"wp-block-image size-large\"><a href=\"https:\/\/www.fotoandnet.de\/wp\/wp-content\/uploads\/2020\/07\/20200408_163813.jpg\"><img loading=\"lazy\" decoding=\"async\" width=\"1024\" height=\"768\" data-id=\"1371\" src=\"http:\/\/www.fotoandnet.de\/wp\/wp-content\/uploads\/2020\/07\/20200408_163813-1024x768.jpg\" alt=\"\" class=\"wp-image-1371\" srcset=\"http:\/\/www.fotoandnet.de\/wp\/wp-content\/uploads\/2020\/07\/20200408_163813-1024x768.jpg 1024w, http:\/\/www.fotoandnet.de\/wp\/wp-content\/uploads\/2020\/07\/20200408_163813-300x225.jpg 300w, http:\/\/www.fotoandnet.de\/wp\/wp-content\/uploads\/2020\/07\/20200408_163813-768x576.jpg 768w, http:\/\/www.fotoandnet.de\/wp\/wp-content\/uploads\/2020\/07\/20200408_163813.jpg 1440w\" sizes=\"auto, (max-width: 1024px) 100vw, 1024px\" \/><\/a><\/figure>\n\n\n\n<figure class=\"wp-block-image size-large\"><a href=\"https:\/\/www.fotoandnet.de\/wp\/wp-content\/uploads\/2020\/07\/20200409_131643.jpg\"><img loading=\"lazy\" decoding=\"async\" width=\"1024\" height=\"768\" data-id=\"1372\" src=\"http:\/\/www.fotoandnet.de\/wp\/wp-content\/uploads\/2020\/07\/20200409_131643-1024x768.jpg\" alt=\"\" class=\"wp-image-1372\" srcset=\"http:\/\/www.fotoandnet.de\/wp\/wp-content\/uploads\/2020\/07\/20200409_131643-1024x768.jpg 1024w, http:\/\/www.fotoandnet.de\/wp\/wp-content\/uploads\/2020\/07\/20200409_131643-300x225.jpg 300w, http:\/\/www.fotoandnet.de\/wp\/wp-content\/uploads\/2020\/07\/20200409_131643-768x576.jpg 768w, http:\/\/www.fotoandnet.de\/wp\/wp-content\/uploads\/2020\/07\/20200409_131643.jpg 1440w\" sizes=\"auto, (max-width: 1024px) 100vw, 1024px\" \/><\/a><\/figure>\n<figcaption class=\"blocks-gallery-caption\">Wir bauen ein Linux Arch mit Raid1<\/figcaption><\/figure>\n\n\n\n<p><strong>Fazit nach 3 Monaten Nutzung:<\/strong><\/p>\n\n\n\n<p>Das System l\u00e4uft RockSolid und ist im normalen Office-Betrieb nicht zu h\u00f6ren. Zum Spielen taugt es nicht, aber das war mir vorher bereits klar und lag auch nicht in meinem Fokus. Mit der VBox mal ein paar Router\/Win10\/Linux Systeme virtuell zu nutzen funktioniert reibungslos und in guter\/sehr guter Performance. Zwischenzeitlich habe ich meinen Montior von 27&#8243; auf 32&#8243; mit 2560&#215;1440 bei 60Hz geupdated und der kleine Rechner schl\u00e4gt sich im Office Betrieb damit sehr gut. Ich w\u00fcrde ihn mir wieder kaufen und bauen, allerdings w\u00fcrde ich mich vor dem erneuten Einbau der USB2.0 Erweiterungsports gruseln&#8230; wer kommt nur auf die Idee die Dinger als Extra zu verkaufen?<\/p>\n","protected":false},"excerpt":{"rendered":"<p>Nachdem ich schon l\u00e4nger \u00fcber die Instabilit\u00e4t meines 3Jahre und 3 Monate alten Intel Skull NUCs ge\u00e4rgert hatte, war es nun endlich Zeit f\u00fcr einen Systemwechsel. Es sollte ein neues System sein, mit geringem&#46;&#46;&#46;<\/p>\n","protected":false},"author":2,"featured_media":1342,"comment_status":"closed","ping_status":"closed","sticky":false,"template":"","format":"standard","meta":{"footnotes":""},"categories":[11,3],"tags":[71,70,68,53,72,69],"class_list":["post-1319","post","type-post","status-publish","format-standard","has-post-thumbnail","hentry","category-elektronik","category-linux","tag-32gbyte-ram","tag-amd-ryzen-5","tag-asrock-a300-deskmini","tag-linux-arch","tag-officepc","tag-raid1"],"_links":{"self":[{"href":"http:\/\/www.fotoandnet.de\/wp\/index.php?rest_route=\/wp\/v2\/posts\/1319","targetHints":{"allow":["GET"]}}],"collection":[{"href":"http:\/\/www.fotoandnet.de\/wp\/index.php?rest_route=\/wp\/v2\/posts"}],"about":[{"href":"http:\/\/www.fotoandnet.de\/wp\/index.php?rest_route=\/wp\/v2\/types\/post"}],"author":[{"embeddable":true,"href":"http:\/\/www.fotoandnet.de\/wp\/index.php?rest_route=\/wp\/v2\/users\/2"}],"replies":[{"embeddable":true,"href":"http:\/\/www.fotoandnet.de\/wp\/index.php?rest_route=%2Fwp%2Fv2%2Fcomments&post=1319"}],"version-history":[{"count":27,"href":"http:\/\/www.fotoandnet.de\/wp\/index.php?rest_route=\/wp\/v2\/posts\/1319\/revisions"}],"predecessor-version":[{"id":1447,"href":"http:\/\/www.fotoandnet.de\/wp\/index.php?rest_route=\/wp\/v2\/posts\/1319\/revisions\/1447"}],"wp:featuredmedia":[{"embeddable":true,"href":"http:\/\/www.fotoandnet.de\/wp\/index.php?rest_route=\/wp\/v2\/media\/1342"}],"wp:attachment":[{"href":"http:\/\/www.fotoandnet.de\/wp\/index.php?rest_route=%2Fwp%2Fv2%2Fmedia&parent=1319"}],"wp:term":[{"taxonomy":"category","embeddable":true,"href":"http:\/\/www.fotoandnet.de\/wp\/index.php?rest_route=%2Fwp%2Fv2%2Fcategories&post=1319"},{"taxonomy":"post_tag","embeddable":true,"href":"http:\/\/www.fotoandnet.de\/wp\/index.php?rest_route=%2Fwp%2Fv2%2Ftags&post=1319"}],"curies":[{"name":"wp","href":"https:\/\/api.w.org\/{rel}","templated":true}]}}