{"id":1262,"date":"2020-06-15T15:48:49","date_gmt":"2020-06-15T14:48:49","guid":{"rendered":"http:\/\/www.fotoandnet.de\/wp\/?p=1262"},"modified":"2020-12-26T15:12:51","modified_gmt":"2020-12-26T14:12:51","slug":"katzenklappe-fuer-nachbars-kellerfenster","status":"publish","type":"post","link":"http:\/\/www.fotoandnet.de\/wp\/?p=1262","title":{"rendered":"Katzenklappe f\u00fcr Nachbars Kellerfenster"},"content":{"rendered":"\n<p>Durch Zufall habe ich mitbekommen, was ein Glaser f\u00fcr ein Loch im Fenster haben m\u00f6chte und habe meiner Nachbarin vorgeschlagen, dass Fenster komplett durch eine Holzplatte zu ersetzen und in dieser die Katzenklappe zu montieren. Da die Kellerfenster recht einfach zu entfernen sind und die offenen L\u00f6cher gut f\u00fcr Haltebolzen nutzbar sind, ist das eigentlich keine gro\u00dfe Sache. Aus verst\u00e4ndlichen Gr\u00fcnden, werde ich hier kein Foto der Haltebolzen zeigen.<\/p>\n\n\n\n<p>Unsere Nachbarin fand die Idee auch ganz gut und so habe ich mir eine passende Holzplatte raus gesucht und zuges\u00e4gt.<\/p>\n\n\n\n<div class=\"wp-block-image\"><figure class=\"aligncenter size-medium\"><a href=\"http:\/\/www.fotoandnet.de\/wp\/wp-content\/uploads\/2020\/06\/20200410_110300.jpg\"><img loading=\"lazy\" decoding=\"async\" width=\"300\" height=\"225\" src=\"http:\/\/www.fotoandnet.de\/wp\/wp-content\/uploads\/2020\/06\/20200410_110300-300x225.jpg\" alt=\"Holzplatte\" class=\"wp-image-1274\" srcset=\"http:\/\/www.fotoandnet.de\/wp\/wp-content\/uploads\/2020\/06\/20200410_110300-300x225.jpg 300w, http:\/\/www.fotoandnet.de\/wp\/wp-content\/uploads\/2020\/06\/20200410_110300-1024x768.jpg 1024w, http:\/\/www.fotoandnet.de\/wp\/wp-content\/uploads\/2020\/06\/20200410_110300-768x576.jpg 768w, http:\/\/www.fotoandnet.de\/wp\/wp-content\/uploads\/2020\/06\/20200410_110300.jpg 1440w\" sizes=\"auto, (max-width: 300px) 100vw, 300px\" \/><\/a><figcaption>Holzplatte zum Ersetzen des Kellerfensters<\/figcaption><\/figure><\/div>\n\n\n\n<p>Besagte Nachbarin hatte bereits eine Katzenklappe erstanden. Ich hab dann den Au\u00dfenrahmen auf das Holz an die gew\u00fcnschte Stelle gelegt.<\/p>\n\n\n\n<div class=\"wp-block-image\"><figure class=\"aligncenter size-medium\"><a href=\"http:\/\/www.fotoandnet.de\/wp\/wp-content\/uploads\/2020\/06\/20200410_110708.jpg\"><img loading=\"lazy\" decoding=\"async\" width=\"300\" height=\"225\" src=\"http:\/\/www.fotoandnet.de\/wp\/wp-content\/uploads\/2020\/06\/20200410_110708-300x225.jpg\" alt=\"Au\u00dfenrahmen der Katzenklappe\" class=\"wp-image-1273\" srcset=\"http:\/\/www.fotoandnet.de\/wp\/wp-content\/uploads\/2020\/06\/20200410_110708-300x225.jpg 300w, http:\/\/www.fotoandnet.de\/wp\/wp-content\/uploads\/2020\/06\/20200410_110708-1024x768.jpg 1024w, http:\/\/www.fotoandnet.de\/wp\/wp-content\/uploads\/2020\/06\/20200410_110708-768x576.jpg 768w, http:\/\/www.fotoandnet.de\/wp\/wp-content\/uploads\/2020\/06\/20200410_110708.jpg 1440w\" sizes=\"auto, (max-width: 300px) 100vw, 300px\" \/><\/a><figcaption>Au\u00dfenrahmen der Katzenklappe<\/figcaption><\/figure><\/div>\n\n\n\n<p>Dann angezeichnet und auf der Linie L\u00f6cher gebohrt, damit ich mit der Stichs\u00e4ge das Loch entsprechend der Markieung auss\u00e4gen konnte.<\/p>\n\n\n\n<figure class=\"wp-block-gallery columns-2 is-cropped wp-block-gallery-1 is-layout-flex wp-block-gallery-is-layout-flex\"><ul class=\"blocks-gallery-grid\"><li class=\"blocks-gallery-item\"><figure><a href=\"http:\/\/www.fotoandnet.de\/wp\/wp-content\/uploads\/2020\/06\/20200410_111307.jpg\"><img loading=\"lazy\" decoding=\"async\" width=\"1024\" height=\"768\" src=\"http:\/\/www.fotoandnet.de\/wp\/wp-content\/uploads\/2020\/06\/20200410_111307-1024x768.jpg\" alt=\"\" data-id=\"1272\" data-full-url=\"http:\/\/www.fotoandnet.de\/wp\/wp-content\/uploads\/2020\/06\/20200410_111307.jpg\" data-link=\"http:\/\/www.fotoandnet.de\/wp\/?attachment_id=1272\" class=\"wp-image-1272\" srcset=\"http:\/\/www.fotoandnet.de\/wp\/wp-content\/uploads\/2020\/06\/20200410_111307-1024x768.jpg 1024w, http:\/\/www.fotoandnet.de\/wp\/wp-content\/uploads\/2020\/06\/20200410_111307-300x225.jpg 300w, http:\/\/www.fotoandnet.de\/wp\/wp-content\/uploads\/2020\/06\/20200410_111307-768x576.jpg 768w, http:\/\/www.fotoandnet.de\/wp\/wp-content\/uploads\/2020\/06\/20200410_111307.jpg 1440w\" sizes=\"auto, (max-width: 1024px) 100vw, 1024px\" \/><\/a><\/figure><\/li><li class=\"blocks-gallery-item\"><figure><a href=\"http:\/\/www.fotoandnet.de\/wp\/wp-content\/uploads\/2020\/06\/20200410_111406.jpg\"><img loading=\"lazy\" decoding=\"async\" width=\"1024\" height=\"768\" src=\"http:\/\/www.fotoandnet.de\/wp\/wp-content\/uploads\/2020\/06\/20200410_111406-1024x768.jpg\" alt=\"Loch f\u00fcr die Katzenklappe.\" data-id=\"1271\" data-full-url=\"http:\/\/www.fotoandnet.de\/wp\/wp-content\/uploads\/2020\/06\/20200410_111406.jpg\" data-link=\"http:\/\/www.fotoandnet.de\/wp\/?attachment_id=1271\" class=\"wp-image-1271\" srcset=\"http:\/\/www.fotoandnet.de\/wp\/wp-content\/uploads\/2020\/06\/20200410_111406-1024x768.jpg 1024w, http:\/\/www.fotoandnet.de\/wp\/wp-content\/uploads\/2020\/06\/20200410_111406-300x225.jpg 300w, http:\/\/www.fotoandnet.de\/wp\/wp-content\/uploads\/2020\/06\/20200410_111406-768x576.jpg 768w, http:\/\/www.fotoandnet.de\/wp\/wp-content\/uploads\/2020\/06\/20200410_111406.jpg 1440w\" sizes=\"auto, (max-width: 1024px) 100vw, 1024px\" \/><\/a><\/figure><\/li><\/ul><figcaption class=\"blocks-gallery-caption\">Loch f\u00fcr die Katzenklappe<\/figcaption><\/figure>\n\n\n\n<p>Da ja das Kellerfenster durch die Holzplatte ersetzt wird, w\u00e4re es im Keller nach dem Einsetzen des Holzbrettes ja wesentlich dunkler als vorher. Also hab ich mir \u00fcberlegt, dass man ja ein Plexiglasscheibe in die Holzplatte, neben der Katzklappe, einsetzen k\u00f6nnte. Daf\u00fcr habe ich dann ein Restst\u00fcck Plexiglas genommen und mit etwas Unterma\u00df hierf\u00fcr ein Loch ausges\u00e4gt.<\/p>\n\n\n\n<figure class=\"wp-block-image size-large\"><a href=\"http:\/\/www.fotoandnet.de\/wp\/wp-content\/uploads\/2020\/06\/20200410_113425.jpg\"><img loading=\"lazy\" decoding=\"async\" width=\"1024\" height=\"768\" src=\"http:\/\/www.fotoandnet.de\/wp\/wp-content\/uploads\/2020\/06\/20200410_113425-1024x768.jpg\" alt=\"Loch f\u00fcr Plexiglasscheibe\" class=\"wp-image-1270\" srcset=\"http:\/\/www.fotoandnet.de\/wp\/wp-content\/uploads\/2020\/06\/20200410_113425-1024x768.jpg 1024w, http:\/\/www.fotoandnet.de\/wp\/wp-content\/uploads\/2020\/06\/20200410_113425-300x225.jpg 300w, http:\/\/www.fotoandnet.de\/wp\/wp-content\/uploads\/2020\/06\/20200410_113425-768x576.jpg 768w, http:\/\/www.fotoandnet.de\/wp\/wp-content\/uploads\/2020\/06\/20200410_113425.jpg 1440w\" sizes=\"auto, (max-width: 1024px) 100vw, 1024px\" \/><\/a><figcaption>Loch f\u00fcr Plexiglasscheibe<\/figcaption><\/figure>\n\n\n\n<p>Damit die Plxisglasscheibe gut im Holz sitzt und nicht st\u00e4ndig der Wind durch den Keller bl\u00e4\u00dft, habe ich mit der Oberfr\u00e4se eine Nut f\u00fcr die Plexisglasscheibe gefr\u00e4\u00dft. Es ist leider nicht so sauber geworden, wie ich es mit gedacht habe (in den Ecken ging der Fr\u00e4ser leider &#8222;spazieren&#8220;).<\/p>\n\n\n\n<figure class=\"wp-block-gallery columns-3 is-cropped wp-block-gallery-2 is-layout-flex wp-block-gallery-is-layout-flex\"><ul class=\"blocks-gallery-grid\"><li class=\"blocks-gallery-item\"><figure><a href=\"http:\/\/www.fotoandnet.de\/wp\/wp-content\/uploads\/2020\/06\/20200410_114915.jpg\"><img loading=\"lazy\" decoding=\"async\" width=\"1024\" height=\"768\" src=\"http:\/\/www.fotoandnet.de\/wp\/wp-content\/uploads\/2020\/06\/20200410_114915-1024x768.jpg\" alt=\"\" data-id=\"1268\" data-full-url=\"http:\/\/www.fotoandnet.de\/wp\/wp-content\/uploads\/2020\/06\/20200410_114915.jpg\" data-link=\"http:\/\/www.fotoandnet.de\/wp\/?attachment_id=1268\" class=\"wp-image-1268\" srcset=\"http:\/\/www.fotoandnet.de\/wp\/wp-content\/uploads\/2020\/06\/20200410_114915-1024x768.jpg 1024w, http:\/\/www.fotoandnet.de\/wp\/wp-content\/uploads\/2020\/06\/20200410_114915-300x225.jpg 300w, http:\/\/www.fotoandnet.de\/wp\/wp-content\/uploads\/2020\/06\/20200410_114915-768x576.jpg 768w, http:\/\/www.fotoandnet.de\/wp\/wp-content\/uploads\/2020\/06\/20200410_114915.jpg 1440w\" sizes=\"auto, (max-width: 1024px) 100vw, 1024px\" \/><\/a><\/figure><\/li><li class=\"blocks-gallery-item\"><figure><a href=\"http:\/\/www.fotoandnet.de\/wp\/wp-content\/uploads\/2020\/06\/20200410_114902.jpg\"><img loading=\"lazy\" decoding=\"async\" width=\"1024\" height=\"768\" src=\"http:\/\/www.fotoandnet.de\/wp\/wp-content\/uploads\/2020\/06\/20200410_114902-1024x768.jpg\" alt=\"\" data-id=\"1269\" data-full-url=\"http:\/\/www.fotoandnet.de\/wp\/wp-content\/uploads\/2020\/06\/20200410_114902.jpg\" data-link=\"http:\/\/www.fotoandnet.de\/wp\/?attachment_id=1269\" class=\"wp-image-1269\" srcset=\"http:\/\/www.fotoandnet.de\/wp\/wp-content\/uploads\/2020\/06\/20200410_114902-1024x768.jpg 1024w, http:\/\/www.fotoandnet.de\/wp\/wp-content\/uploads\/2020\/06\/20200410_114902-300x225.jpg 300w, http:\/\/www.fotoandnet.de\/wp\/wp-content\/uploads\/2020\/06\/20200410_114902-768x576.jpg 768w, http:\/\/www.fotoandnet.de\/wp\/wp-content\/uploads\/2020\/06\/20200410_114902.jpg 1440w\" sizes=\"auto, (max-width: 1024px) 100vw, 1024px\" \/><\/a><\/figure><\/li><li class=\"blocks-gallery-item\"><figure><a href=\"http:\/\/www.fotoandnet.de\/wp\/wp-content\/uploads\/2020\/06\/20200410_115849.jpg\"><img loading=\"lazy\" decoding=\"async\" width=\"1024\" height=\"768\" src=\"http:\/\/www.fotoandnet.de\/wp\/wp-content\/uploads\/2020\/06\/20200410_115849-1024x768.jpg\" alt=\"\" data-id=\"1267\" data-full-url=\"http:\/\/www.fotoandnet.de\/wp\/wp-content\/uploads\/2020\/06\/20200410_115849.jpg\" data-link=\"http:\/\/www.fotoandnet.de\/wp\/?attachment_id=1267\" class=\"wp-image-1267\" srcset=\"http:\/\/www.fotoandnet.de\/wp\/wp-content\/uploads\/2020\/06\/20200410_115849-1024x768.jpg 1024w, http:\/\/www.fotoandnet.de\/wp\/wp-content\/uploads\/2020\/06\/20200410_115849-300x225.jpg 300w, http:\/\/www.fotoandnet.de\/wp\/wp-content\/uploads\/2020\/06\/20200410_115849-768x576.jpg 768w, http:\/\/www.fotoandnet.de\/wp\/wp-content\/uploads\/2020\/06\/20200410_115849.jpg 1440w\" sizes=\"auto, (max-width: 1024px) 100vw, 1024px\" \/><\/a><\/figure><\/li><li class=\"blocks-gallery-item\"><figure><a href=\"http:\/\/www.fotoandnet.de\/wp\/wp-content\/uploads\/2020\/06\/20200410_115853.jpg\"><img loading=\"lazy\" decoding=\"async\" width=\"1024\" height=\"768\" src=\"http:\/\/www.fotoandnet.de\/wp\/wp-content\/uploads\/2020\/06\/20200410_115853-1024x768.jpg\" alt=\"Plexisglasscheibeneinsatz\" data-id=\"1266\" data-full-url=\"http:\/\/www.fotoandnet.de\/wp\/wp-content\/uploads\/2020\/06\/20200410_115853.jpg\" data-link=\"http:\/\/www.fotoandnet.de\/wp\/?attachment_id=1266\" class=\"wp-image-1266\" srcset=\"http:\/\/www.fotoandnet.de\/wp\/wp-content\/uploads\/2020\/06\/20200410_115853-1024x768.jpg 1024w, http:\/\/www.fotoandnet.de\/wp\/wp-content\/uploads\/2020\/06\/20200410_115853-300x225.jpg 300w, http:\/\/www.fotoandnet.de\/wp\/wp-content\/uploads\/2020\/06\/20200410_115853-768x576.jpg 768w, http:\/\/www.fotoandnet.de\/wp\/wp-content\/uploads\/2020\/06\/20200410_115853.jpg 1440w\" sizes=\"auto, (max-width: 1024px) 100vw, 1024px\" \/><\/a><\/figure><\/li><\/ul><figcaption class=\"blocks-gallery-caption\">Plexiglasscheiben Einsatz<\/figcaption><\/figure>\n\n\n\n<p>Diesen Pfusch konnte ich so unm\u00f6glich pr\u00e4sentieren, also habe ich die Scheibe mit Montagekleber eingeklebt und einen sch\u00f6nen Rahmen dr\u00fcber gesetzt. \ud83d\ude09<\/p>\n\n\n\n<figure class=\"wp-block-image size-large\"><a href=\"http:\/\/www.fotoandnet.de\/wp\/wp-content\/uploads\/2020\/06\/20200410_123216.jpg\"><img loading=\"lazy\" decoding=\"async\" width=\"1024\" height=\"768\" src=\"http:\/\/www.fotoandnet.de\/wp\/wp-content\/uploads\/2020\/06\/20200410_123216-1024x768.jpg\" alt=\"\" class=\"wp-image-1264\" srcset=\"http:\/\/www.fotoandnet.de\/wp\/wp-content\/uploads\/2020\/06\/20200410_123216-1024x768.jpg 1024w, http:\/\/www.fotoandnet.de\/wp\/wp-content\/uploads\/2020\/06\/20200410_123216-300x225.jpg 300w, http:\/\/www.fotoandnet.de\/wp\/wp-content\/uploads\/2020\/06\/20200410_123216-768x576.jpg 768w, http:\/\/www.fotoandnet.de\/wp\/wp-content\/uploads\/2020\/06\/20200410_123216.jpg 1440w\" sizes=\"auto, (max-width: 1024px) 100vw, 1024px\" \/><\/a><figcaption>Kellerfenster mit Katzenklappe und Durchlicht-Fensterteil<\/figcaption><\/figure>\n\n\n\n<p>Das besagte Holzbrett haben wir dann bei ihr im Keller installiert und die Katzen finden die Idee selbstst\u00e4ndig rein und rausgehen zu k\u00f6nnen wann sie wollen ganz toll. In den sp\u00e4ten Abendstunden h\u00f6rt man sie manchmal nach ihren Katzen rufen. \ud83d\ude09<\/p>\n","protected":false},"excerpt":{"rendered":"<p>Durch Zufall habe ich mitbekommen, was ein Glaser f\u00fcr ein Loch im Fenster haben m\u00f6chte und habe meiner Nachbarin vorgeschlagen, dass Fenster komplett durch eine Holzplatte zu ersetzen und in dieser die Katzenklappe zu&#46;&#46;&#46;<\/p>\n","protected":false},"author":2,"featured_media":1265,"comment_status":"open","ping_status":"open","sticky":false,"template":"","format":"standard","meta":{"footnotes":""},"categories":[12],"tags":[66,67],"class_list":["post-1262","post","type-post","status-publish","format-standard","has-post-thumbnail","hentry","category-heimwerken","tag-katzenklappe","tag-kellerfensterersatz"],"_links":{"self":[{"href":"http:\/\/www.fotoandnet.de\/wp\/index.php?rest_route=\/wp\/v2\/posts\/1262","targetHints":{"allow":["GET"]}}],"collection":[{"href":"http:\/\/www.fotoandnet.de\/wp\/index.php?rest_route=\/wp\/v2\/posts"}],"about":[{"href":"http:\/\/www.fotoandnet.de\/wp\/index.php?rest_route=\/wp\/v2\/types\/post"}],"author":[{"embeddable":true,"href":"http:\/\/www.fotoandnet.de\/wp\/index.php?rest_route=\/wp\/v2\/users\/2"}],"replies":[{"embeddable":true,"href":"http:\/\/www.fotoandnet.de\/wp\/index.php?rest_route=%2Fwp%2Fv2%2Fcomments&post=1262"}],"version-history":[{"count":9,"href":"http:\/\/www.fotoandnet.de\/wp\/index.php?rest_route=\/wp\/v2\/posts\/1262\/revisions"}],"predecessor-version":[{"id":1424,"href":"http:\/\/www.fotoandnet.de\/wp\/index.php?rest_route=\/wp\/v2\/posts\/1262\/revisions\/1424"}],"wp:featuredmedia":[{"embeddable":true,"href":"http:\/\/www.fotoandnet.de\/wp\/index.php?rest_route=\/wp\/v2\/media\/1265"}],"wp:attachment":[{"href":"http:\/\/www.fotoandnet.de\/wp\/index.php?rest_route=%2Fwp%2Fv2%2Fmedia&parent=1262"}],"wp:term":[{"taxonomy":"category","embeddable":true,"href":"http:\/\/www.fotoandnet.de\/wp\/index.php?rest_route=%2Fwp%2Fv2%2Fcategories&post=1262"},{"taxonomy":"post_tag","embeddable":true,"href":"http:\/\/www.fotoandnet.de\/wp\/index.php?rest_route=%2Fwp%2Fv2%2Ftags&post=1262"}],"curies":[{"name":"wp","href":"https:\/\/api.w.org\/{rel}","templated":true}]}}