{"id":1039,"date":"2019-03-17T09:53:38","date_gmt":"2019-03-17T08:53:38","guid":{"rendered":"http:\/\/www.fotoandnet.de\/wp\/?p=1039"},"modified":"2019-03-17T11:34:12","modified_gmt":"2019-03-17T10:34:12","slug":"chassis-fuer-ein-softwaredefinedstorage-sds","status":"publish","type":"post","link":"http:\/\/www.fotoandnet.de\/wp\/?p=1039","title":{"rendered":"Chassis f\u00fcr ein SoftwareDefinedStorage (SDS)"},"content":{"rendered":"\n<p>Nachdem ich das <a href=\"http:\/\/www.fotoandnet.de\/wp\/?p=1000\">Netzteil f\u00fcr den SDS<\/a> fertig gestellt hatte. War die Zeit f\u00fcr die Verpackung der <a href=\"https:\/\/www.hardkernel.com\/shop\/odroid-hc2-home-cloud-two\/\">Odroid-HC2<\/a> gekommen. Diese Bilden im Verbund dann ein Speichersystem. Getest habe ich das auf der Werkbank ohne Chassis und es funktionierte erstaunlich gut. Ich werde weitere Posts zum Aufsetzen und Betrieb des Clusters schreiben, doch in diesem Post soll es erst einmal um das Chassis selbst gehen. Das Chassis soll maximal 10 St\u00fcck Odroid-HC2 beherbergen, was der Strommenge nach (pro Odroid-HC2 2 Ampere) die maximale Last ist, welches mein Netzteil erzeugen kann. Ich hab mir zuerst einmal die Odroid-HC2 hingestellt und diese dann ausgemessen. Auf dem Beipackzettel zu den Odroid-HC2 stehen zwar Ma\u00dfe drauf, aber ich glaube nur was ich selber sehe.. bin zu lange in der IT.<\/p>\n\n\n\n<figure class=\"wp-block-image\"><a href=\"http:\/\/www.fotoandnet.de\/wp\/wp-content\/uploads\/2019\/03\/20190226_110920.jpg\" target=\"_blank\" rel=\"noreferrer noopener\"><img loading=\"lazy\" decoding=\"async\" width=\"1024\" height=\"768\" src=\"http:\/\/www.fotoandnet.de\/wp\/wp-content\/uploads\/2019\/03\/20190226_110920-1024x768.jpg\" alt=\"\" class=\"wp-image-1015\" srcset=\"http:\/\/www.fotoandnet.de\/wp\/wp-content\/uploads\/2019\/03\/20190226_110920-1024x768.jpg 1024w, http:\/\/www.fotoandnet.de\/wp\/wp-content\/uploads\/2019\/03\/20190226_110920-300x225.jpg 300w, http:\/\/www.fotoandnet.de\/wp\/wp-content\/uploads\/2019\/03\/20190226_110920-768x576.jpg 768w\" sizes=\"auto, (max-width: 1024px) 100vw, 1024px\" \/><\/a><figcaption>F\u00fcnf St\u00fcck Odroid-HC2 warten auf ihr Chassis<\/figcaption><\/figure>\n\n\n\n<p>Zu den ermittelten Ma\u00dfen habe ich jeweils 2mm in jede Dimension hinzu addiert, damit etwas Spiel im Chassis vorhanden ist (und meine handwerklichen Ungenauigkeiten etwas kaschiert werden). Zuerst habe mich mir die tragenden Au\u00dfenteile aus 16mm Tischlerplatte zuges\u00e4gt und anschlie\u00dfend in die stehenden Teile 6mm Nuten geschlitzt, f\u00fcr die Multiplex-Bodeplatten jedes Odroid-HC2-Faches. (Alternativ zu den B\u00f6den hatte ich \u00fcberlegt die Odroid-HC2 nur auf Leisten zu legen, was thermisch sicher vorteilhaft gewesen w\u00e4re, aber die Stabilit\u00e4t des Chassis stark beeintr\u00e4chtigt h\u00e4tte).<\/p>\n\n\n\n<ul class=\"wp-block-gallery columns-2 is-cropped wp-block-gallery-1 is-layout-flex wp-block-gallery-is-layout-flex\"><li class=\"blocks-gallery-item\"><figure><a href=\"http:\/\/www.fotoandnet.de\/wp\/wp-content\/uploads\/2019\/03\/20190226_124038-1024x768.jpg\"><img loading=\"lazy\" decoding=\"async\" width=\"1024\" height=\"768\" src=\"http:\/\/www.fotoandnet.de\/wp\/wp-content\/uploads\/2019\/03\/20190226_124038-1024x768.jpg\" alt=\"\" data-id=\"1016\" data-link=\"http:\/\/www.fotoandnet.de\/wp\/?attachment_id=1016\" class=\"wp-image-1016\" srcset=\"http:\/\/www.fotoandnet.de\/wp\/wp-content\/uploads\/2019\/03\/20190226_124038-1024x768.jpg 1024w, http:\/\/www.fotoandnet.de\/wp\/wp-content\/uploads\/2019\/03\/20190226_124038-300x225.jpg 300w, http:\/\/www.fotoandnet.de\/wp\/wp-content\/uploads\/2019\/03\/20190226_124038-768x576.jpg 768w\" sizes=\"auto, (max-width: 1024px) 100vw, 1024px\" \/><\/a><\/figure><\/li><li class=\"blocks-gallery-item\"><figure><a href=\"http:\/\/www.fotoandnet.de\/wp\/wp-content\/uploads\/2019\/03\/20190226_130343-1024x768.jpg\"><img loading=\"lazy\" decoding=\"async\" width=\"1024\" height=\"768\" src=\"http:\/\/www.fotoandnet.de\/wp\/wp-content\/uploads\/2019\/03\/20190226_130343-1024x768.jpg\" alt=\"\" data-id=\"1017\" data-link=\"http:\/\/www.fotoandnet.de\/wp\/?attachment_id=1017\" class=\"wp-image-1017\" srcset=\"http:\/\/www.fotoandnet.de\/wp\/wp-content\/uploads\/2019\/03\/20190226_130343-1024x768.jpg 1024w, http:\/\/www.fotoandnet.de\/wp\/wp-content\/uploads\/2019\/03\/20190226_130343-300x225.jpg 300w, http:\/\/www.fotoandnet.de\/wp\/wp-content\/uploads\/2019\/03\/20190226_130343-768x576.jpg 768w\" sizes=\"auto, (max-width: 1024px) 100vw, 1024px\" \/><\/a><\/figure><\/li><\/ul>\n\n\n\n<p>Nachdem ich die tragenden Teile des Chassis zugeschnitten hatte, habe ich die Bodenplatten aus 6mm Birke-Multiplex ausges\u00e4gt und dabei vorne, mittels einer Ausklinkung, Platz f\u00fcr die Verkabelung gelassen.<\/p>\n\n\n\n<ul class=\"wp-block-gallery columns-2 is-cropped wp-block-gallery-2 is-layout-flex wp-block-gallery-is-layout-flex\"><li class=\"blocks-gallery-item\"><figure><a href=\"http:\/\/www.fotoandnet.de\/wp\/wp-content\/uploads\/2019\/03\/20190226_134202-1024x768.jpg\"><img loading=\"lazy\" decoding=\"async\" width=\"1024\" height=\"768\" src=\"http:\/\/www.fotoandnet.de\/wp\/wp-content\/uploads\/2019\/03\/20190226_134202-1024x768.jpg\" alt=\"\" data-id=\"1018\" data-link=\"http:\/\/www.fotoandnet.de\/wp\/?attachment_id=1018\" class=\"wp-image-1018\" srcset=\"http:\/\/www.fotoandnet.de\/wp\/wp-content\/uploads\/2019\/03\/20190226_134202-1024x768.jpg 1024w, http:\/\/www.fotoandnet.de\/wp\/wp-content\/uploads\/2019\/03\/20190226_134202-300x225.jpg 300w, http:\/\/www.fotoandnet.de\/wp\/wp-content\/uploads\/2019\/03\/20190226_134202-768x576.jpg 768w\" sizes=\"auto, (max-width: 1024px) 100vw, 1024px\" \/><\/a><\/figure><\/li><li class=\"blocks-gallery-item\"><figure><a href=\"http:\/\/www.fotoandnet.de\/wp\/wp-content\/uploads\/2019\/03\/20190226_134226-1024x768.jpg\"><img loading=\"lazy\" decoding=\"async\" width=\"1024\" height=\"768\" src=\"http:\/\/www.fotoandnet.de\/wp\/wp-content\/uploads\/2019\/03\/20190226_134226-1024x768.jpg\" alt=\"\" data-id=\"1019\" data-link=\"http:\/\/www.fotoandnet.de\/wp\/?attachment_id=1019\" class=\"wp-image-1019\" srcset=\"http:\/\/www.fotoandnet.de\/wp\/wp-content\/uploads\/2019\/03\/20190226_134226-1024x768.jpg 1024w, http:\/\/www.fotoandnet.de\/wp\/wp-content\/uploads\/2019\/03\/20190226_134226-300x225.jpg 300w, http:\/\/www.fotoandnet.de\/wp\/wp-content\/uploads\/2019\/03\/20190226_134226-768x576.jpg 768w\" sizes=\"auto, (max-width: 1024px) 100vw, 1024px\" \/><\/a><\/figure><\/li><\/ul>\n\n\n\n<p>Um zu sehen wieviel Luft die einzelnen Odroid-HC2 im Chassis haben, stellte ich diese kurzerhand in das wacklige und nicht verleimte Chassis hinein. Alles etwas kippelig, aber es ging.<\/p>\n\n\n\n<figure class=\"wp-block-image\"><a href=\"http:\/\/www.fotoandnet.de\/wp\/wp-content\/uploads\/2019\/03\/20190226_134754.jpg\"><img loading=\"lazy\" decoding=\"async\" width=\"1024\" height=\"768\" src=\"http:\/\/www.fotoandnet.de\/wp\/wp-content\/uploads\/2019\/03\/20190226_134754-1024x768.jpg\" alt=\"\" class=\"wp-image-1020\" srcset=\"http:\/\/www.fotoandnet.de\/wp\/wp-content\/uploads\/2019\/03\/20190226_134754-1024x768.jpg 1024w, http:\/\/www.fotoandnet.de\/wp\/wp-content\/uploads\/2019\/03\/20190226_134754-300x225.jpg 300w, http:\/\/www.fotoandnet.de\/wp\/wp-content\/uploads\/2019\/03\/20190226_134754-768x576.jpg 768w\" sizes=\"auto, (max-width: 1024px) 100vw, 1024px\" \/><\/a><figcaption>Lose Kontrolle der Abma\u00dfe<\/figcaption><\/figure>\n\n\n\n<p>Die Spaltma\u00dfe und Platzreserven reichten aus, also habe ich das Chassis zusammengeschraubt. Ich habe mich bewu\u00dft gegen Fingerzinken oder Verleimung mittels einer Gehrung entschieden, da ich ggf. noch Platz zum Versetzen der Seitenw\u00e4nden haben wollte. <\/p>\n\n\n\n<figure class=\"wp-block-image\"><a href=\"http:\/\/www.fotoandnet.de\/wp\/wp-content\/uploads\/2019\/03\/20190226_151120.jpg\"><img loading=\"lazy\" decoding=\"async\" width=\"1024\" height=\"768\" src=\"http:\/\/www.fotoandnet.de\/wp\/wp-content\/uploads\/2019\/03\/20190226_151120-1024x768.jpg\" alt=\"\" class=\"wp-image-1021\" srcset=\"http:\/\/www.fotoandnet.de\/wp\/wp-content\/uploads\/2019\/03\/20190226_151120-1024x768.jpg 1024w, http:\/\/www.fotoandnet.de\/wp\/wp-content\/uploads\/2019\/03\/20190226_151120-300x225.jpg 300w, http:\/\/www.fotoandnet.de\/wp\/wp-content\/uploads\/2019\/03\/20190226_151120-768x576.jpg 768w\" sizes=\"auto, (max-width: 1024px) 100vw, 1024px\" \/><\/a><figcaption>Verschraubtes Chassis vor dem Einleimen der F\u00e4cherb\u00f6den.<\/figcaption><\/figure>\n\n\n\n<p>Die Fachb\u00f6den gleiteten gut in die Nuten hinein, so dass ich die Fachb\u00f6den einleimen konnte. Nachdem Einleimen der Fachb\u00f6den ist das Chassis sehr Verwindungsteif.<\/p>\n\n\n\n<figure class=\"wp-block-image\"><a href=\"http:\/\/www.fotoandnet.de\/wp\/wp-content\/uploads\/2019\/03\/20190226_161113.jpg\"><img loading=\"lazy\" decoding=\"async\" width=\"1024\" height=\"768\" src=\"http:\/\/www.fotoandnet.de\/wp\/wp-content\/uploads\/2019\/03\/20190226_161113-1024x768.jpg\" alt=\"\" class=\"wp-image-1022\" srcset=\"http:\/\/www.fotoandnet.de\/wp\/wp-content\/uploads\/2019\/03\/20190226_161113-1024x768.jpg 1024w, http:\/\/www.fotoandnet.de\/wp\/wp-content\/uploads\/2019\/03\/20190226_161113-300x225.jpg 300w, http:\/\/www.fotoandnet.de\/wp\/wp-content\/uploads\/2019\/03\/20190226_161113-768x576.jpg 768w\" sizes=\"auto, (max-width: 1024px) 100vw, 1024px\" \/><\/a><figcaption>Eingeleimte Fachb\u00f6den<\/figcaption><\/figure>\n\n\n\n<p>Die Odroid-HC2 brauchen in dem Chassis eine Zwangsbeatmung durch L\u00fcfter, andernfalls ist mit deren baldigem Ableben zu rechnen. F\u00fcr die Bel\u00fcftung hatte ich mir 4 St\u00fcck <a href=\"https:\/\/www.amazon.de\/gp\/product\/B003IB2HYA\/ref=ppx_yo_dt_b_asin_title_o00_s00?ie=UTF8&amp;psc=1\">Enermax T.B. Silence 12cm (UCTB12)<\/a> bestellt, welche einer Halterung\/Aufnahme bed\u00fcrften. Die L\u00fcfter habe ich mir passend zur 12Volt Stromversorgung des Chassis ausgesucht, da ich ein weiteres Netzteil nur f\u00fcr die L\u00fcfter vermeiden wollte. <\/p>\n\n\n\n<p>Ich hatte f\u00fcr das Chassis vorn und hinten jeweils einen Deckel vorgesehen, welcher auf der einen Seite einmal Platz f\u00fcr die L\u00fcfter bieten und zum anderen als Sicht- oder Zugriffschutz des Chassis dienen sollte. Jeder Deckel wird dabei \u00fcber das Chassis gest\u00fclpt, wie der Deckel eine Schuhkartons und in diesen Deckel werden dann auf einer Seite die L\u00fcfter eingelassen. Ich habe mir die Leisten der Deckel aus 10mm Birken-Multiplex und die inneren Halterungen\/Querverstrebungen aus 4mm Birke-Multiplex zuges\u00e4gt und die L\u00fcfter eingepa\u00dft.                                                                                                                                   <br><\/p>\n\n\n\n<ul class=\"wp-block-gallery columns-3 is-cropped wp-block-gallery-3 is-layout-flex wp-block-gallery-is-layout-flex\"><li class=\"blocks-gallery-item\"><figure><a href=\"http:\/\/www.fotoandnet.de\/wp\/wp-content\/uploads\/2019\/03\/20190302_154128-1024x768.jpg\"><img loading=\"lazy\" decoding=\"async\" width=\"1024\" height=\"768\" src=\"http:\/\/www.fotoandnet.de\/wp\/wp-content\/uploads\/2019\/03\/20190302_154128-1024x768.jpg\" alt=\"\" data-id=\"1024\" data-link=\"http:\/\/www.fotoandnet.de\/wp\/?attachment_id=1024\" class=\"wp-image-1024\" srcset=\"http:\/\/www.fotoandnet.de\/wp\/wp-content\/uploads\/2019\/03\/20190302_154128-1024x768.jpg 1024w, http:\/\/www.fotoandnet.de\/wp\/wp-content\/uploads\/2019\/03\/20190302_154128-300x225.jpg 300w, http:\/\/www.fotoandnet.de\/wp\/wp-content\/uploads\/2019\/03\/20190302_154128-768x576.jpg 768w\" sizes=\"auto, (max-width: 1024px) 100vw, 1024px\" \/><\/a><\/figure><\/li><li class=\"blocks-gallery-item\"><figure><a href=\"http:\/\/www.fotoandnet.de\/wp\/wp-content\/uploads\/2019\/03\/20190302_160435-1024x768.jpg\"><img loading=\"lazy\" decoding=\"async\" width=\"1024\" height=\"768\" src=\"http:\/\/www.fotoandnet.de\/wp\/wp-content\/uploads\/2019\/03\/20190302_160435-1024x768.jpg\" alt=\"\" data-id=\"1025\" data-link=\"http:\/\/www.fotoandnet.de\/wp\/?attachment_id=1025\" class=\"wp-image-1025\" srcset=\"http:\/\/www.fotoandnet.de\/wp\/wp-content\/uploads\/2019\/03\/20190302_160435-1024x768.jpg 1024w, http:\/\/www.fotoandnet.de\/wp\/wp-content\/uploads\/2019\/03\/20190302_160435-300x225.jpg 300w, http:\/\/www.fotoandnet.de\/wp\/wp-content\/uploads\/2019\/03\/20190302_160435-768x576.jpg 768w\" sizes=\"auto, (max-width: 1024px) 100vw, 1024px\" \/><\/a><\/figure><\/li><li class=\"blocks-gallery-item\"><figure><a href=\"http:\/\/www.fotoandnet.de\/wp\/wp-content\/uploads\/2019\/03\/20190302_163947-1024x768.jpg\"><img loading=\"lazy\" decoding=\"async\" width=\"1024\" height=\"768\" src=\"http:\/\/www.fotoandnet.de\/wp\/wp-content\/uploads\/2019\/03\/20190302_163947-1024x768.jpg\" alt=\"\" data-id=\"1026\" data-link=\"http:\/\/www.fotoandnet.de\/wp\/?attachment_id=1026\" class=\"wp-image-1026\" srcset=\"http:\/\/www.fotoandnet.de\/wp\/wp-content\/uploads\/2019\/03\/20190302_163947-1024x768.jpg 1024w, http:\/\/www.fotoandnet.de\/wp\/wp-content\/uploads\/2019\/03\/20190302_163947-300x225.jpg 300w, http:\/\/www.fotoandnet.de\/wp\/wp-content\/uploads\/2019\/03\/20190302_163947-768x576.jpg 768w\" sizes=\"auto, (max-width: 1024px) 100vw, 1024px\" \/><\/a><\/figure><\/li><li class=\"blocks-gallery-item\"><figure><a href=\"http:\/\/www.fotoandnet.de\/wp\/wp-content\/uploads\/2019\/03\/20190302_164601-1024x768.jpg\"><img loading=\"lazy\" decoding=\"async\" width=\"1024\" height=\"768\" src=\"http:\/\/www.fotoandnet.de\/wp\/wp-content\/uploads\/2019\/03\/20190302_164601-1024x768.jpg\" alt=\"\" data-id=\"1027\" data-link=\"http:\/\/www.fotoandnet.de\/wp\/?attachment_id=1027\" class=\"wp-image-1027\" srcset=\"http:\/\/www.fotoandnet.de\/wp\/wp-content\/uploads\/2019\/03\/20190302_164601-1024x768.jpg 1024w, http:\/\/www.fotoandnet.de\/wp\/wp-content\/uploads\/2019\/03\/20190302_164601-300x225.jpg 300w, http:\/\/www.fotoandnet.de\/wp\/wp-content\/uploads\/2019\/03\/20190302_164601-768x576.jpg 768w\" sizes=\"auto, (max-width: 1024px) 100vw, 1024px\" \/><\/a><\/figure><\/li><li class=\"blocks-gallery-item\"><figure><a href=\"http:\/\/www.fotoandnet.de\/wp\/wp-content\/uploads\/2019\/03\/20190302_174109-1024x768.jpg\"><img loading=\"lazy\" decoding=\"async\" width=\"1024\" height=\"768\" src=\"http:\/\/www.fotoandnet.de\/wp\/wp-content\/uploads\/2019\/03\/20190302_174109-1024x768.jpg\" alt=\"\" data-id=\"1029\" data-link=\"http:\/\/www.fotoandnet.de\/wp\/?attachment_id=1029\" class=\"wp-image-1029\" srcset=\"http:\/\/www.fotoandnet.de\/wp\/wp-content\/uploads\/2019\/03\/20190302_174109-1024x768.jpg 1024w, http:\/\/www.fotoandnet.de\/wp\/wp-content\/uploads\/2019\/03\/20190302_174109-300x225.jpg 300w, http:\/\/www.fotoandnet.de\/wp\/wp-content\/uploads\/2019\/03\/20190302_174109-768x576.jpg 768w\" sizes=\"auto, (max-width: 1024px) 100vw, 1024px\" \/><\/a><\/figure><\/li><li class=\"blocks-gallery-item\"><figure><a href=\"http:\/\/www.fotoandnet.de\/wp\/wp-content\/uploads\/2019\/03\/20190226_162136-1024x768.jpg\"><img loading=\"lazy\" decoding=\"async\" width=\"1024\" height=\"768\" src=\"http:\/\/www.fotoandnet.de\/wp\/wp-content\/uploads\/2019\/03\/20190226_162136-1024x768.jpg\" alt=\"\" data-id=\"1023\" data-link=\"http:\/\/www.fotoandnet.de\/wp\/?attachment_id=1023\" class=\"wp-image-1023\" srcset=\"http:\/\/www.fotoandnet.de\/wp\/wp-content\/uploads\/2019\/03\/20190226_162136-1024x768.jpg 1024w, http:\/\/www.fotoandnet.de\/wp\/wp-content\/uploads\/2019\/03\/20190226_162136-300x225.jpg 300w, http:\/\/www.fotoandnet.de\/wp\/wp-content\/uploads\/2019\/03\/20190226_162136-768x576.jpg 768w\" sizes=\"auto, (max-width: 1024px) 100vw, 1024px\" \/><\/a><\/figure><\/li><\/ul>\n\n\n\n<p>Nachdem die L\u00fcfter in  einen Deckel eingpa\u00dft waren habe ich probeweise mal 12Volt angelegt, um die Laufrichtung der L\u00fcfter zu kontrollieren. Waren nat\u00fcrlich verkehrt herum eingebaut. Die L\u00fcfter sollten Luft in das Chassis blasen und sie saugten&#8230;. :o)<\/p>\n\n\n\n<p>Das die L\u00fcfter saugten war nicht schlimm, da ich vor hatte das Chassis zu Lackieren und daf\u00fcr sowieso alle beweglichen Teile ausgebaut werden mussten. <\/p>\n\n\n\n<figure class=\"wp-block-image\"><a href=\"http:\/\/www.fotoandnet.de\/wp\/wp-content\/uploads\/2019\/03\/20190302_174752.jpg\"><img loading=\"lazy\" decoding=\"async\" width=\"1024\" height=\"768\" src=\"http:\/\/www.fotoandnet.de\/wp\/wp-content\/uploads\/2019\/03\/20190302_174752-1024x768.jpg\" alt=\"\" class=\"wp-image-1030\" srcset=\"http:\/\/www.fotoandnet.de\/wp\/wp-content\/uploads\/2019\/03\/20190302_174752-1024x768.jpg 1024w, http:\/\/www.fotoandnet.de\/wp\/wp-content\/uploads\/2019\/03\/20190302_174752-300x225.jpg 300w, http:\/\/www.fotoandnet.de\/wp\/wp-content\/uploads\/2019\/03\/20190302_174752-768x576.jpg 768w\" sizes=\"auto, (max-width: 1024px) 100vw, 1024px\" \/><\/a><figcaption>L\u00fcfter verkehrt herum eingebaut.<\/figcaption><\/figure>\n\n\n\n<p>In der Zwischenzeit war der Leim an den Fachb\u00f6den ausgeh\u00e4rtet und ich konnte erneut die Passkontrolle der Odroid-HC2 testen. Dabei viel mir auf, dass ich zuviel Spiel hatte und die Odroid-HC2 locker durch die F\u00e4cher schieben konnte. Aus diesem Grund habe ich hinten im Chassis Stop-Kl\u00f6tzchen in jedem Fach verleimt.<\/p>\n\n\n\n<figure class=\"wp-block-image\"><a href=\"http:\/\/www.fotoandnet.de\/wp\/wp-content\/uploads\/2019\/03\/20190306_141457.jpg\"><img loading=\"lazy\" decoding=\"async\" width=\"1024\" height=\"768\" src=\"http:\/\/www.fotoandnet.de\/wp\/wp-content\/uploads\/2019\/03\/20190306_141457-1024x768.jpg\" alt=\"\" class=\"wp-image-1032\" srcset=\"http:\/\/www.fotoandnet.de\/wp\/wp-content\/uploads\/2019\/03\/20190306_141457-1024x768.jpg 1024w, http:\/\/www.fotoandnet.de\/wp\/wp-content\/uploads\/2019\/03\/20190306_141457-300x225.jpg 300w, http:\/\/www.fotoandnet.de\/wp\/wp-content\/uploads\/2019\/03\/20190306_141457-768x576.jpg 768w\" sizes=\"auto, (max-width: 1024px) 100vw, 1024px\" \/><\/a><figcaption>Stop-Kl\u00f6tzchen sollen das Durchschieben der Odroid-HC2 verhindern.<\/figcaption><\/figure>\n\n\n\n<p>Nachdem der Leim nun ein paar Tage durchgetrocknet war, habe ich das Chassis aussen und die Deckel mit matt schwarzem Autolack aus der Spr\u00fchdose lackiert. Sicherlich nicht die beste Variante, aber f\u00fcr meine Zwecke ausreichend &#8211; bin ja kein M\u00f6belbauer. :o)<\/p>\n\n\n\n<ul class=\"wp-block-gallery columns-2 is-cropped wp-block-gallery-4 is-layout-flex wp-block-gallery-is-layout-flex\"><li class=\"blocks-gallery-item\"><figure><a href=\"http:\/\/www.fotoandnet.de\/wp\/wp-content\/uploads\/2019\/03\/20190308_132615-1024x768.jpg\"><img loading=\"lazy\" decoding=\"async\" width=\"1024\" height=\"768\" src=\"http:\/\/www.fotoandnet.de\/wp\/wp-content\/uploads\/2019\/03\/20190308_132615-1024x768.jpg\" alt=\"\" data-id=\"1033\" data-link=\"http:\/\/www.fotoandnet.de\/wp\/?attachment_id=1033\" class=\"wp-image-1033\" srcset=\"http:\/\/www.fotoandnet.de\/wp\/wp-content\/uploads\/2019\/03\/20190308_132615-1024x768.jpg 1024w, http:\/\/www.fotoandnet.de\/wp\/wp-content\/uploads\/2019\/03\/20190308_132615-300x225.jpg 300w, http:\/\/www.fotoandnet.de\/wp\/wp-content\/uploads\/2019\/03\/20190308_132615-768x576.jpg 768w\" sizes=\"auto, (max-width: 1024px) 100vw, 1024px\" \/><\/a><\/figure><\/li><li class=\"blocks-gallery-item\"><figure><a href=\"http:\/\/www.fotoandnet.de\/wp\/wp-content\/uploads\/2019\/03\/20190308_132621-1024x768.jpg\"><img loading=\"lazy\" decoding=\"async\" width=\"1024\" height=\"768\" src=\"http:\/\/www.fotoandnet.de\/wp\/wp-content\/uploads\/2019\/03\/20190308_132621-1024x768.jpg\" alt=\"\" data-id=\"1034\" data-link=\"http:\/\/www.fotoandnet.de\/wp\/?attachment_id=1034\" class=\"wp-image-1034\" srcset=\"http:\/\/www.fotoandnet.de\/wp\/wp-content\/uploads\/2019\/03\/20190308_132621-1024x768.jpg 1024w, http:\/\/www.fotoandnet.de\/wp\/wp-content\/uploads\/2019\/03\/20190308_132621-300x225.jpg 300w, http:\/\/www.fotoandnet.de\/wp\/wp-content\/uploads\/2019\/03\/20190308_132621-768x576.jpg 768w\" sizes=\"auto, (max-width: 1024px) 100vw, 1024px\" \/><\/a><\/figure><\/li><\/ul>\n\n\n\n<p>Um den besagten Zugriffschutz in den Deckel zu integrieren, hatte ich mir aus dem Baumarkt einen <a href=\"https:\/\/www.hornbach.de\/shop\/Lochblech-Aluminium-300x1000x0-8-mm\/7566023\/artikel.html\">0,8mm Starken gelochten Alublechstreifen<\/a> gekauft. Dieses Alublech erinnert entfernt an die Optik des alten Apple PowerPC. Das d\u00fcnne Alublech hat den Vorteil, dass es sich gut mit einer Blechschere verarbeiten l\u00e4\u00dft &#8211; bei Stahlblech w\u00e4re es ein ganz schlimmes gew\u00fcrge geworden. Das Blech habe ich in zwei St\u00fcck 30 x 30 cm mit der Blechschere geschnitten und auf die Deckel mit <a href=\"https:\/\/www.amazon.com\/Professional-Grade-Cyanoacrylate-Glue-Masters\/dp\/B00WHEM0UA\">CA Kleber<\/a> verklebt. Ich wollte hier keine Schrauben aus dem Deckel heraus stehen haben. Den durch die L\u00f6cher quellenden \u00fcbersch\u00fcssigen CA Kleber habe ich erst mit einem Tuch aufgenommen und das ausgeh\u00e4rtete Zeug sp\u00e4ter mit 200er Sandpapier vom Alublech abgeschliffen. <\/p>\n\n\n\n<ul class=\"wp-block-gallery columns-2 is-cropped wp-block-gallery-5 is-layout-flex wp-block-gallery-is-layout-flex\"><li class=\"blocks-gallery-item\"><figure><a href=\"http:\/\/www.fotoandnet.de\/wp\/wp-content\/uploads\/2019\/03\/20190308_150110-1024x768.jpg\"><img loading=\"lazy\" decoding=\"async\" width=\"1024\" height=\"768\" src=\"http:\/\/www.fotoandnet.de\/wp\/wp-content\/uploads\/2019\/03\/20190308_150110-1024x768.jpg\" alt=\"\" data-id=\"1035\" data-link=\"http:\/\/www.fotoandnet.de\/wp\/?attachment_id=1035\" class=\"wp-image-1035\" srcset=\"http:\/\/www.fotoandnet.de\/wp\/wp-content\/uploads\/2019\/03\/20190308_150110-1024x768.jpg 1024w, http:\/\/www.fotoandnet.de\/wp\/wp-content\/uploads\/2019\/03\/20190308_150110-300x225.jpg 300w, http:\/\/www.fotoandnet.de\/wp\/wp-content\/uploads\/2019\/03\/20190308_150110-768x576.jpg 768w\" sizes=\"auto, (max-width: 1024px) 100vw, 1024px\" \/><\/a><\/figure><\/li><li class=\"blocks-gallery-item\"><figure><a href=\"http:\/\/www.fotoandnet.de\/wp\/wp-content\/uploads\/2019\/03\/20190308_154309-e1552812685159-768x1024.jpg\"><img loading=\"lazy\" decoding=\"async\" width=\"768\" height=\"1024\" src=\"http:\/\/www.fotoandnet.de\/wp\/wp-content\/uploads\/2019\/03\/20190308_154309-e1552812685159-768x1024.jpg\" alt=\"\" data-id=\"1036\" data-link=\"http:\/\/www.fotoandnet.de\/wp\/?attachment_id=1036\" class=\"wp-image-1036\" srcset=\"http:\/\/www.fotoandnet.de\/wp\/wp-content\/uploads\/2019\/03\/20190308_154309-e1552812685159-768x1024.jpg 768w, http:\/\/www.fotoandnet.de\/wp\/wp-content\/uploads\/2019\/03\/20190308_154309-e1552812685159-225x300.jpg 225w\" sizes=\"auto, (max-width: 768px) 100vw, 768px\" \/><\/a><\/figure><\/li><\/ul>\n\n\n\n<p>Der ganze SDS Turm ist mit Verteiler-Switch 51 cm hoch.<\/p>\n\n\n\n<figure class=\"wp-block-image\"><a href=\"http:\/\/www.fotoandnet.de\/wp\/wp-content\/uploads\/2019\/03\/20190308_162409-e1552812701535.jpg\"><img loading=\"lazy\" decoding=\"async\" width=\"768\" height=\"1024\" src=\"http:\/\/www.fotoandnet.de\/wp\/wp-content\/uploads\/2019\/03\/20190308_162409-e1552812701535-768x1024.jpg\" alt=\"\" class=\"wp-image-1037\" srcset=\"http:\/\/www.fotoandnet.de\/wp\/wp-content\/uploads\/2019\/03\/20190308_162409-e1552812701535-768x1024.jpg 768w, http:\/\/www.fotoandnet.de\/wp\/wp-content\/uploads\/2019\/03\/20190308_162409-e1552812701535-225x300.jpg 225w\" sizes=\"auto, (max-width: 768px) 100vw, 768px\" \/><\/a><figcaption>Fertiger SDS Turm<\/figcaption><\/figure>\n","protected":false},"excerpt":{"rendered":"<p>Nachdem ich das Netzteil f\u00fcr den SDS fertig gestellt hatte. War die Zeit f\u00fcr die Verpackung der Odroid-HC2 gekommen. Diese Bilden im Verbund dann ein Speichersystem. Getest habe ich das auf der Werkbank ohne&#46;&#46;&#46;<\/p>\n","protected":false},"author":2,"featured_media":1037,"comment_status":"open","ping_status":"open","sticky":false,"template":"","format":"standard","meta":{"footnotes":""},"categories":[12],"tags":[50,52,49,51],"class_list":["post-1039","post","type-post","status-publish","format-standard","has-post-thumbnail","hentry","category-heimwerken","tag-alublech","tag-chassis","tag-nuten","tag-odroid-hc2"],"_links":{"self":[{"href":"http:\/\/www.fotoandnet.de\/wp\/index.php?rest_route=\/wp\/v2\/posts\/1039","targetHints":{"allow":["GET"]}}],"collection":[{"href":"http:\/\/www.fotoandnet.de\/wp\/index.php?rest_route=\/wp\/v2\/posts"}],"about":[{"href":"http:\/\/www.fotoandnet.de\/wp\/index.php?rest_route=\/wp\/v2\/types\/post"}],"author":[{"embeddable":true,"href":"http:\/\/www.fotoandnet.de\/wp\/index.php?rest_route=\/wp\/v2\/users\/2"}],"replies":[{"embeddable":true,"href":"http:\/\/www.fotoandnet.de\/wp\/index.php?rest_route=%2Fwp%2Fv2%2Fcomments&post=1039"}],"version-history":[{"count":32,"href":"http:\/\/www.fotoandnet.de\/wp\/index.php?rest_route=\/wp\/v2\/posts\/1039\/revisions"}],"predecessor-version":[{"id":1072,"href":"http:\/\/www.fotoandnet.de\/wp\/index.php?rest_route=\/wp\/v2\/posts\/1039\/revisions\/1072"}],"wp:featuredmedia":[{"embeddable":true,"href":"http:\/\/www.fotoandnet.de\/wp\/index.php?rest_route=\/wp\/v2\/media\/1037"}],"wp:attachment":[{"href":"http:\/\/www.fotoandnet.de\/wp\/index.php?rest_route=%2Fwp%2Fv2%2Fmedia&parent=1039"}],"wp:term":[{"taxonomy":"category","embeddable":true,"href":"http:\/\/www.fotoandnet.de\/wp\/index.php?rest_route=%2Fwp%2Fv2%2Fcategories&post=1039"},{"taxonomy":"post_tag","embeddable":true,"href":"http:\/\/www.fotoandnet.de\/wp\/index.php?rest_route=%2Fwp%2Fv2%2Ftags&post=1039"}],"curies":[{"name":"wp","href":"https:\/\/api.w.org\/{rel}","templated":true}]}}